{"id":28319,"date":"2024-10-03T10:48:32","date_gmt":"2024-10-03T13:48:32","guid":{"rendered":"https:\/\/radiostudiow.com.br\/site\/?p=28319"},"modified":"2025-01-31T14:58:23","modified_gmt":"2025-01-31T17:58:23","slug":"morre-o-jornalista-cid-moreira-um-dos-rostos-mais-iconicos-da-televisao-brasileira-aos-97-anos","status":"publish","type":"post","link":"https:\/\/radiostudiow.com.br\/site\/2024\/10\/03\/morre-o-jornalista-cid-moreira-um-dos-rostos-mais-iconicos-da-televisao-brasileira-aos-97-anos\/","title":{"rendered":"Morre o jornalista Cid Moreira, um dos rostos mais ic\u00f4nicos da televis\u00e3o brasileira, aos 97 anos"},"content":{"rendered":"\n<p><em>Morreu nesta quinta-feira (3) o jornalista, locutor e apresentador\u00a0<strong>Cid Moreira<\/strong>,\u00a0um dos rostos mais ic\u00f4nicos da televis\u00e3o brasileira, aos 97 anos. Ele estava internado no Hospital Santa Teresa, em\u00a0<a class=\"\" href=\"https:\/\/g1.globo.com\/rj\/regiao-serrana\/cidade\/petropolis\/\" target=\"_blank\" rel=\"noreferrer noopener\">Petr\u00f3polis<\/a>, na Regi\u00e3o Serrana do RJ, e nas \u00faltimas semanas vinha tratando de uma pneumonia.<\/em><\/p>\n\n\n\n<p><strong><em>Segundo o Mem\u00f3ria Globo, Cid Moreira apresentou o Jornal Nacional cerca de\u00a08 mil vezes.<\/em><\/strong><\/p>\n\n\n\n<figure class=\"wp-block-image size-large\"><img decoding=\"async\" src=\"https:\/\/radiostudiow.com.br\/site\/wp-content\/uploads\/2024\/10\/zm_0002_24AG_anuncio_261x83mm-1024x359.png\" alt=\"\" class=\"wp-image-28224\"\/><\/figure>\n\n\n\n<h2 class=\"wp-block-heading\">Vida e carreira<\/h2>\n\n\n\n<p>Cid Moreira nasceu em&nbsp;<a class=\"\" href=\"https:\/\/g1.globo.com\/sp\/vale-do-paraiba-regiao\/cidade\/taubate\/\" rel=\"noreferrer noopener\" target=\"_blank\">Taubat\u00e9<\/a>, no Vale do Para\u00edba, em 1927 \u2014 ele completou&nbsp;<strong>97 anos<\/strong>&nbsp;na \u00faltima sexta-feira (27).<\/p>\n\n\n\n<p>O jornalista iniciou a carreira no r\u00e1dio em 1944, depois de ser descoberto por um amigo que o incentivou a fazer um teste de locu\u00e7\u00e3o na R\u00e1dio Difusora de Taubat\u00e9. Nos anos seguintes, entre 1944 e 1949, ele narrou comerciais at\u00e9 se mudar para S\u00e3o Paulo, onde trabalhou na R\u00e1dio Bandeirantes e na Propago Publicidade.<\/p>\n\n\n\n<div class=\"wp-block-media-text is-stacked-on-mobile\"><figure class=\"wp-block-media-text__media\"><img loading=\"lazy\" decoding=\"async\" width=\"1024\" height=\"852\" src=\"https:\/\/radiostudiow.com.br\/site\/wp-content\/uploads\/2024\/10\/image-4-1024x852.png\" alt=\"\" class=\"wp-image-28320 size-full\" srcset=\"https:\/\/radiostudiow.com.br\/site\/wp-content\/uploads\/2024\/10\/image-4-1024x852.png 1024w, https:\/\/radiostudiow.com.br\/site\/wp-content\/uploads\/2024\/10\/image-4-300x250.png 300w, https:\/\/radiostudiow.com.br\/site\/wp-content\/uploads\/2024\/10\/image-4-768x639.png 768w, https:\/\/radiostudiow.com.br\/site\/wp-content\/uploads\/2024\/10\/image-4.png 1200w\" sizes=\"auto, (max-width: 1024px) 100vw, 1024px\" \/><\/figure><div class=\"wp-block-media-text__content\">\n<p><em>Cid Moreira foi um jornalista, locutor e apresentador brasileiro em atividade desde 1947. Muito conhecido por ser o primeiro apresentador do Jornal Nacional.<\/em><\/p>\n<\/div><\/div>\n\n\n\n<p>Em 1951, transferiu-se para o Rio de Janeiro, onde foi contratado pela R\u00e1dio Mayrink Veiga. Foi l\u00e1 que, entre 1951 e 1956,&nbsp;come\u00e7ou a ter suas primeiras experi\u00eancias na televis\u00e3o, apresentando comerciais ao vivo em programas como \u201cAl\u00e9m da Imagina\u00e7\u00e3o\u201d e \u201cNoite de Gala\u201d, na TV Rio.<\/p>\n\n\n\n<p>Sua estreia como locutor de notici\u00e1rios aconteceu em 1963, no \u201cJornal de Vanguarda\u201d, da TV Rio, o que marcou o in\u00edcio de sua carreira no jornalismo televisivo. Nos anos seguintes, trabalhou nesse mesmo programa em v\u00e1rias emissoras, como Tupi, Globo, Excelsior e Continental, consolidando sua presen\u00e7a na televis\u00e3o.<\/p>\n\n\n\n<figure class=\"wp-block-image size-full\"><img loading=\"lazy\" decoding=\"async\" width=\"900\" height=\"408\" src=\"https:\/\/radiostudiow.com.br\/site\/wp-content\/uploads\/2024\/09\/image-64-1.png\" alt=\"\" class=\"wp-image-28207\" srcset=\"https:\/\/radiostudiow.com.br\/site\/wp-content\/uploads\/2024\/09\/image-64-1.png 900w, https:\/\/radiostudiow.com.br\/site\/wp-content\/uploads\/2024\/09\/image-64-1-300x136.png 300w, https:\/\/radiostudiow.com.br\/site\/wp-content\/uploads\/2024\/09\/image-64-1-768x348.png 768w\" sizes=\"auto, (max-width: 900px) 100vw, 900px\" \/><\/figure>\n","protected":false},"excerpt":{"rendered":"<p>Morreu nesta quinta-feira (3) o jornalista, locutor e apresentador\u00a0Cid Moreira,\u00a0um dos rostos mais ic\u00f4nicos da televis\u00e3o brasileira, aos 97 anos. Ele estava internado no Hospital Santa Teresa, em\u00a0Petr\u00f3polis, na Regi\u00e3o Serrana do RJ, e nas \u00faltimas semanas vinha tratando de uma pneumonia. Segundo o Mem\u00f3ria Globo, Cid Moreira apresentou o Jornal Nacional cerca de\u00a08 mil [&hellip;]<\/p>\n","protected":false},"author":2,"featured_media":28321,"comment_status":"open","ping_status":"open","sticky":false,"template":"","format":"standard","meta":{"footnotes":""},"categories":[7],"tags":[172],"class_list":["post-28319","post","type-post","status-publish","format-standard","has-post-thumbnail","hentry","category-geral","tag-featured"],"amp_enabled":true,"_links":{"self":[{"href":"https:\/\/radiostudiow.com.br\/site\/wp-json\/wp\/v2\/posts\/28319","targetHints":{"allow":["GET"]}}],"collection":[{"href":"https:\/\/radiostudiow.com.br\/site\/wp-json\/wp\/v2\/posts"}],"about":[{"href":"https:\/\/radiostudiow.com.br\/site\/wp-json\/wp\/v2\/types\/post"}],"author":[{"embeddable":true,"href":"https:\/\/radiostudiow.com.br\/site\/wp-json\/wp\/v2\/users\/2"}],"replies":[{"embeddable":true,"href":"https:\/\/radiostudiow.com.br\/site\/wp-json\/wp\/v2\/comments?post=28319"}],"version-history":[{"count":1,"href":"https:\/\/radiostudiow.com.br\/site\/wp-json\/wp\/v2\/posts\/28319\/revisions"}],"predecessor-version":[{"id":28322,"href":"https:\/\/radiostudiow.com.br\/site\/wp-json\/wp\/v2\/posts\/28319\/revisions\/28322"}],"wp:featuredmedia":[{"embeddable":true,"href":"https:\/\/radiostudiow.com.br\/site\/wp-json\/wp\/v2\/media\/28321"}],"wp:attachment":[{"href":"https:\/\/radiostudiow.com.br\/site\/wp-json\/wp\/v2\/media?parent=28319"}],"wp:term":[{"taxonomy":"category","embeddable":true,"href":"https:\/\/radiostudiow.com.br\/site\/wp-json\/wp\/v2\/categories?post=28319"},{"taxonomy":"post_tag","embeddable":true,"href":"https:\/\/radiostudiow.com.br\/site\/wp-json\/wp\/v2\/tags?post=28319"}],"curies":[{"name":"wp","href":"https:\/\/api.w.org\/{rel}","templated":true}]}}