{"id":28323,"date":"2024-10-03T21:00:46","date_gmt":"2024-10-04T00:00:46","guid":{"rendered":"https:\/\/radiostudiow.com.br\/site\/?p=28323"},"modified":"2025-01-31T14:58:23","modified_gmt":"2025-01-31T17:58:23","slug":"conta-de-energia-eletrica-ficou-mais-cara-entenda","status":"publish","type":"post","link":"https:\/\/radiostudiow.com.br\/site\/2024\/10\/03\/conta-de-energia-eletrica-ficou-mais-cara-entenda\/","title":{"rendered":"Conta de energia el\u00e9trica ficou mais cara. Entenda!"},"content":{"rendered":"\n<p>A conta de energia el\u00e9trica fica mais cara a partir de ontem, ter\u00e7a-feira (1\u00ba), com o acionamento da bandeira vermelha patamar 2, o est\u00e1gio tarif\u00e1rio mais alto do sistema da Ag\u00eancia Nacional de Energia El\u00e9trica (Aneel). Com a medida, o pre\u00e7o para cada 100 quilowatts-hora consumidos passa de R$ 4,463 para R$ 7,877.<img decoding=\"async\" src=\"https:\/\/agenciabrasil.ebc.com.br\/ebc.png?id=1614057&amp;o=node\"><img decoding=\"async\" src=\"https:\/\/agenciabrasil.ebc.com.br\/ebc.gif?id=1614057&amp;o=node\"><\/p>\n\n\n\n<div class=\"wp-block-media-text is-stacked-on-mobile\"><figure class=\"wp-block-media-text__media\"><img loading=\"lazy\" decoding=\"async\" width=\"1015\" height=\"1015\" src=\"https:\/\/radiostudiow.com.br\/site\/wp-content\/uploads\/2024\/10\/image-5.png\" alt=\"\" class=\"wp-image-28355 size-full\" srcset=\"https:\/\/radiostudiow.com.br\/site\/wp-content\/uploads\/2024\/10\/image-5.png 1015w, https:\/\/radiostudiow.com.br\/site\/wp-content\/uploads\/2024\/10\/image-5-300x300.png 300w, https:\/\/radiostudiow.com.br\/site\/wp-content\/uploads\/2024\/10\/image-5-768x768.png 768w, https:\/\/radiostudiow.com.br\/site\/wp-content\/uploads\/2024\/10\/image-5-80x80.png 80w\" sizes=\"auto, (max-width: 1015px) 100vw, 1015px\" \/><\/figure><div class=\"wp-block-media-text__content\">\n<p><img loading=\"lazy\" decoding=\"async\" height=\"16\" width=\"16\" src=\"https:\/\/static.xx.fbcdn.net\/images\/emoji.php\/v9\/t33\/1\/16\/2705.png\" alt=\"\u2705\"> Voc\u00ea sabia que a Afubra vende produtos para capta\u00e7\u00e3o de energia solar? <img loading=\"lazy\" decoding=\"async\" height=\"16\" width=\"16\" src=\"https:\/\/static.xx.fbcdn.net\/images\/emoji.php\/v9\/t34\/1\/16\/1f914.png\" alt=\"\ud83e\udd14\"><\/p>\n\n\n\n<p>como funciona o sistema de gera\u00e7\u00e3o de energia solar e como ela \u00e9 convertida em energia el\u00e9trica.<\/p>\n\n\n\n<p>Conte conosco para sanar as suas d\u00favidas e descobrir <a><\/a>todas as vantagens que o sistema oferece.<\/p>\n\n\n\n<p>Fale conosco: <img loading=\"lazy\" decoding=\"async\" height=\"16\" width=\"16\" src=\"https:\/\/static.xx.fbcdn.net\/images\/emoji.php\/v9\/td8\/1\/16\/1f4f2.png\" alt=\"\ud83d\udcf2\"> (51) 3713-7747<\/p>\n<\/div><\/div>\n\n\n\n<p>A decis\u00e3o foi anunciada na \u00faltima sexta-feira (27) em nota da Aneel, em consequ\u00eancia&nbsp;do risco hidrol\u00f3gico, com reservat\u00f3rios baixos, e a eleva\u00e7\u00e3o do pre\u00e7o da energia no mercado, impactada pelo custo do que foi produzido e n\u00e3o contratado.<\/p>\n\n\n\n<p>O sistema de bandeiras tarif\u00e1rias \u00e9 composto pelas cores verde, amarelo e vermelho, em patamares 1 e 2.&nbsp;A&nbsp;cor verde patamar 1 significa tarifa sem custo extra.<\/p>\n\n\n\n<p>A bandeira vermelha patamar 1 estava em vigor desde setembro, ap\u00f3s um per\u00edodo em que a bandeira verde patamar 1, a mais barata do sistema, prevaleceu por v\u00e1rios meses do ano.<\/p>\n\n\n\n<figure class=\"wp-block-image size-large\"><img decoding=\"async\" src=\"https:\/\/radiostudiow.com.br\/site\/wp-content\/uploads\/2024\/10\/zm_0002_24AG_anuncio_261x83mm-1024x359.png\" alt=\"\" class=\"wp-image-28224\"\/><\/figure>\n\n\n\n<p>De acordo com a ag\u00eancia, o sistema de bandeiras tarif\u00e1rias \u00e9 uma forma de tornar a cobran\u00e7a complementar mais transparente aos consumidores de energia el\u00e9trica conectados ao Sistema Interligado Nacional (SIN). Criado em 2015, ele indica os custos da gera\u00e7\u00e3o de energia no Brasil e possibilita adapta\u00e7\u00f5es no consumo para redu\u00e7\u00e3o no valor da conta de luz.<\/p>\n\n\n\n<p><em>Reportagem: Ag\u00eancia Brasil&nbsp;<\/em><\/p>\n","protected":false},"excerpt":{"rendered":"<p>A conta de energia el\u00e9trica fica mais cara a partir de ontem, ter\u00e7a-feira (1\u00ba), com o acionamento da bandeira vermelha patamar 2, o est\u00e1gio tarif\u00e1rio mais alto do sistema da Ag\u00eancia Nacional de Energia El\u00e9trica (Aneel). Com a medida, o pre\u00e7o para cada 100 quilowatts-hora consumidos passa de R$ 4,463 para R$ 7,877. Voc\u00ea sabia [&hellip;]<\/p>\n","protected":false},"author":2,"featured_media":28357,"comment_status":"open","ping_status":"open","sticky":false,"template":"","format":"standard","meta":{"footnotes":""},"categories":[7],"tags":[172],"class_list":["post-28323","post","type-post","status-publish","format-standard","has-post-thumbnail","hentry","category-geral","tag-featured"],"amp_enabled":true,"_links":{"self":[{"href":"https:\/\/radiostudiow.com.br\/site\/wp-json\/wp\/v2\/posts\/28323","targetHints":{"allow":["GET"]}}],"collection":[{"href":"https:\/\/radiostudiow.com.br\/site\/wp-json\/wp\/v2\/posts"}],"about":[{"href":"https:\/\/radiostudiow.com.br\/site\/wp-json\/wp\/v2\/types\/post"}],"author":[{"embeddable":true,"href":"https:\/\/radiostudiow.com.br\/site\/wp-json\/wp\/v2\/users\/2"}],"replies":[{"embeddable":true,"href":"https:\/\/radiostudiow.com.br\/site\/wp-json\/wp\/v2\/comments?post=28323"}],"version-history":[{"count":3,"href":"https:\/\/radiostudiow.com.br\/site\/wp-json\/wp\/v2\/posts\/28323\/revisions"}],"predecessor-version":[{"id":28358,"href":"https:\/\/radiostudiow.com.br\/site\/wp-json\/wp\/v2\/posts\/28323\/revisions\/28358"}],"wp:featuredmedia":[{"embeddable":true,"href":"https:\/\/radiostudiow.com.br\/site\/wp-json\/wp\/v2\/media\/28357"}],"wp:attachment":[{"href":"https:\/\/radiostudiow.com.br\/site\/wp-json\/wp\/v2\/media?parent=28323"}],"wp:term":[{"taxonomy":"category","embeddable":true,"href":"https:\/\/radiostudiow.com.br\/site\/wp-json\/wp\/v2\/categories?post=28323"},{"taxonomy":"post_tag","embeddable":true,"href":"https:\/\/radiostudiow.com.br\/site\/wp-json\/wp\/v2\/tags?post=28323"}],"curies":[{"name":"wp","href":"https:\/\/api.w.org\/{rel}","templated":true}]}}