{"id":28329,"date":"2024-10-03T16:33:08","date_gmt":"2024-10-03T19:33:08","guid":{"rendered":"https:\/\/radiostudiow.com.br\/site\/?p=28329"},"modified":"2025-01-31T14:58:23","modified_gmt":"2025-01-31T17:58:23","slug":"homem-encontrado-morto-em-antonio-olinto","status":"publish","type":"post","link":"https:\/\/radiostudiow.com.br\/site\/2024\/10\/03\/homem-encontrado-morto-em-antonio-olinto\/","title":{"rendered":"Homem encontrado morto em Ant\u00f4nio Olinto. Pol\u00edcia Civil elucida homic\u00eddio"},"content":{"rendered":"\n<p>Foi identificado como Willian Almeida dos Santos, de 36 anos,&nbsp;o homem que foi encontrado morto na manh\u00e3 desta quarta-feira (2), com sinais de tortura e espancamento na localidade de Cerro Lindo, em Ant\u00f4nio Olinto.<\/p>\n\n\n\n<figure class=\"wp-block-image size-full\"><img decoding=\"async\" src=\"https:\/\/radiostudiow.com.br\/site\/wp-content\/uploads\/2024\/04\/SITE-MEDIO.png\" alt=\"\" class=\"wp-image-21854\"\/><\/figure>\n\n\n\n<p>De acordo com a Funer\u00e1ria Central, o rapaz \u00e9 natural de Itapetininga, interior de S\u00e3o Paulo. O corpo foi recolhido ao Instituto M\u00e9dico Legal (IML) de Uni\u00e3o da Vit\u00f3ria e ap\u00f3s liberado ser\u00e1 trasladado para sua cidade de origem.<\/p>\n\n\n\n<p>Em uma r\u00e1pida a\u00e7\u00e3o, a Pol\u00edcia Civil de S\u00e3o Mateus do Sul elucidou o caso de homic\u00eddio ocorrido em Ant\u00f4nio Olinto.\u00a0Ap\u00f3s horas de investiga\u00e7\u00f5es e coleta de depoimentos, a pol\u00edcia prendeu os envolvidos no crime.<\/p>\n\n\n\n<p>Segundo o Portal Clic Sul News,\u00a0os suspeitos s\u00e3o funcion\u00e1rios da empresa respons\u00e1vel pela pintura das faixas de rodovias na regi\u00e3o. Embora o n\u00famero exato de presos ainda n\u00e3o tenha sido divulgado, os indiv\u00edduos sem envolvimento no crime foram liberados.<\/p>\n\n\n\n<figure class=\"wp-block-image size-full\"><img loading=\"lazy\" decoding=\"async\" width=\"897\" height=\"204\" src=\"https:\/\/radiostudiow.com.br\/site\/wp-content\/uploads\/2024\/08\/TIJOLAO.png\" alt=\"\" class=\"wp-image-25951\" srcset=\"https:\/\/radiostudiow.com.br\/site\/wp-content\/uploads\/2024\/08\/TIJOLAO.png 897w, https:\/\/radiostudiow.com.br\/site\/wp-content\/uploads\/2024\/08\/TIJOLAO-300x68.png 300w, https:\/\/radiostudiow.com.br\/site\/wp-content\/uploads\/2024\/08\/TIJOLAO-768x175.png 768w\" sizes=\"auto, (max-width: 897px) 100vw, 897px\" \/><\/figure>\n\n\n\n<p>A 3\u00aa SDP ainda vai se pronunciar sobre detalhes do caso, a Pol\u00edcia Militar tamb\u00e9m desempenhou um papel fundamental, com diversas informa\u00e7\u00f5es repassadas pelas equipes envolvidas.<\/p>\n\n\n\n<p>Todos os suspeitos s\u00e3o origin\u00e1rios de fora do estado do Paran\u00e1, possivelmente de S\u00e3o Paulo.<\/p>\n","protected":false},"excerpt":{"rendered":"<p>Foi identificado como Willian Almeida dos Santos, de 36 anos,&nbsp;o homem que foi encontrado morto na manh\u00e3 desta quarta-feira (2), com sinais de tortura e espancamento na localidade de Cerro Lindo, em Ant\u00f4nio Olinto. De acordo com a Funer\u00e1ria Central, o rapaz \u00e9 natural de Itapetininga, interior de S\u00e3o Paulo. O corpo foi recolhido ao [&hellip;]<\/p>\n","protected":false},"author":2,"featured_media":28331,"comment_status":"open","ping_status":"open","sticky":false,"template":"","format":"standard","meta":{"footnotes":""},"categories":[2],"tags":[172],"class_list":["post-28329","post","type-post","status-publish","format-standard","has-post-thumbnail","hentry","category-policial","tag-featured"],"amp_enabled":true,"_links":{"self":[{"href":"https:\/\/radiostudiow.com.br\/site\/wp-json\/wp\/v2\/posts\/28329","targetHints":{"allow":["GET"]}}],"collection":[{"href":"https:\/\/radiostudiow.com.br\/site\/wp-json\/wp\/v2\/posts"}],"about":[{"href":"https:\/\/radiostudiow.com.br\/site\/wp-json\/wp\/v2\/types\/post"}],"author":[{"embeddable":true,"href":"https:\/\/radiostudiow.com.br\/site\/wp-json\/wp\/v2\/users\/2"}],"replies":[{"embeddable":true,"href":"https:\/\/radiostudiow.com.br\/site\/wp-json\/wp\/v2\/comments?post=28329"}],"version-history":[{"count":5,"href":"https:\/\/radiostudiow.com.br\/site\/wp-json\/wp\/v2\/posts\/28329\/revisions"}],"predecessor-version":[{"id":28341,"href":"https:\/\/radiostudiow.com.br\/site\/wp-json\/wp\/v2\/posts\/28329\/revisions\/28341"}],"wp:featuredmedia":[{"embeddable":true,"href":"https:\/\/radiostudiow.com.br\/site\/wp-json\/wp\/v2\/media\/28331"}],"wp:attachment":[{"href":"https:\/\/radiostudiow.com.br\/site\/wp-json\/wp\/v2\/media?parent=28329"}],"wp:term":[{"taxonomy":"category","embeddable":true,"href":"https:\/\/radiostudiow.com.br\/site\/wp-json\/wp\/v2\/categories?post=28329"},{"taxonomy":"post_tag","embeddable":true,"href":"https:\/\/radiostudiow.com.br\/site\/wp-json\/wp\/v2\/tags?post=28329"}],"curies":[{"name":"wp","href":"https:\/\/api.w.org\/{rel}","templated":true}]}}