{"id":28337,"date":"2024-10-03T17:09:42","date_gmt":"2024-10-03T20:09:42","guid":{"rendered":"https:\/\/radiostudiow.com.br\/site\/?p=28337"},"modified":"2025-01-31T14:58:23","modified_gmt":"2025-01-31T17:58:23","slug":"homem-e-vitima-de-assalto-em-paula-freitas","status":"publish","type":"post","link":"https:\/\/radiostudiow.com.br\/site\/2024\/10\/03\/homem-e-vitima-de-assalto-em-paula-freitas\/","title":{"rendered":"Homem \u00e9 v\u00edtima de assalto em Paula Freitas"},"content":{"rendered":"\n<p>Um senhor compareceu ao Destacamento da Pol\u00edcia Militar de Paula Freitas por volta das 10 horas da manh\u00e3 desta quarta-feira, 02 de setembro, relatando que estava trabalhando na lavoura no interior quando foi surpreendido por dois homens que usavam capuz preto e anunciaram o assalto, ambos estavam armados.<\/p>\n\n\n\n<figure class=\"wp-block-image size-full\"><img loading=\"lazy\" decoding=\"async\" width=\"598\" height=\"204\" src=\"https:\/\/radiostudiow.com.br\/site\/wp-content\/uploads\/2024\/04\/image-29.png\" alt=\"\" class=\"wp-image-21283\" srcset=\"https:\/\/radiostudiow.com.br\/site\/wp-content\/uploads\/2024\/04\/image-29.png 598w, https:\/\/radiostudiow.com.br\/site\/wp-content\/uploads\/2024\/04\/image-29-300x102.png 300w\" sizes=\"auto, (max-width: 598px) 100vw, 598px\" \/><\/figure>\n\n\n\n<p>Os assaltantes tomaram o celular da v\u00edtima e ap\u00f3s isso, foram at\u00e9 o trator e pegaram um fac\u00e3o e v\u00e1rias chaves, al\u00e9m de uma motosserra, uma m\u00e1quina para passar veneno el\u00e9trico e uma garrafa t\u00e9rmica.<\/p>\n\n\n\n<p>A v\u00edtima ainda contou que foi agredia fisicamente, recebeu chutes e ainda com um peda\u00e7o de madeira a dupla o agrediu nos bra\u00e7os e barriga o que causou hematomas. Segundo ele, um dos indiv\u00edduos ainda efetuou um disparo de arma de fogo como forma de intimida\u00e7\u00e3o e em seguida fugiram do local em um carro preto.<\/p>\n\n\n\n<p>A equipe pol\u00edcial fez buscas mas n\u00e3o localizou os suspeitos. Dianta da situa\u00e7\u00e3o a v\u00edtima foi orientada quanto aos procedimentos cab\u00edveis.<\/p>\n","protected":false},"excerpt":{"rendered":"<p>Um senhor compareceu ao Destacamento da Pol\u00edcia Militar de Paula Freitas por volta das 10 horas da manh\u00e3 desta quarta-feira, 02 de setembro, relatando que estava trabalhando na lavoura no interior quando foi surpreendido por dois homens que usavam capuz preto e anunciaram o assalto, ambos estavam armados. Os assaltantes tomaram o celular da v\u00edtima [&hellip;]<\/p>\n","protected":false},"author":2,"featured_media":27154,"comment_status":"open","ping_status":"open","sticky":false,"template":"","format":"standard","meta":{"footnotes":""},"categories":[2],"tags":[172],"class_list":["post-28337","post","type-post","status-publish","format-standard","has-post-thumbnail","hentry","category-policial","tag-featured"],"amp_enabled":true,"_links":{"self":[{"href":"https:\/\/radiostudiow.com.br\/site\/wp-json\/wp\/v2\/posts\/28337","targetHints":{"allow":["GET"]}}],"collection":[{"href":"https:\/\/radiostudiow.com.br\/site\/wp-json\/wp\/v2\/posts"}],"about":[{"href":"https:\/\/radiostudiow.com.br\/site\/wp-json\/wp\/v2\/types\/post"}],"author":[{"embeddable":true,"href":"https:\/\/radiostudiow.com.br\/site\/wp-json\/wp\/v2\/users\/2"}],"replies":[{"embeddable":true,"href":"https:\/\/radiostudiow.com.br\/site\/wp-json\/wp\/v2\/comments?post=28337"}],"version-history":[{"count":2,"href":"https:\/\/radiostudiow.com.br\/site\/wp-json\/wp\/v2\/posts\/28337\/revisions"}],"predecessor-version":[{"id":28345,"href":"https:\/\/radiostudiow.com.br\/site\/wp-json\/wp\/v2\/posts\/28337\/revisions\/28345"}],"wp:featuredmedia":[{"embeddable":true,"href":"https:\/\/radiostudiow.com.br\/site\/wp-json\/wp\/v2\/media\/27154"}],"wp:attachment":[{"href":"https:\/\/radiostudiow.com.br\/site\/wp-json\/wp\/v2\/media?parent=28337"}],"wp:term":[{"taxonomy":"category","embeddable":true,"href":"https:\/\/radiostudiow.com.br\/site\/wp-json\/wp\/v2\/categories?post=28337"},{"taxonomy":"post_tag","embeddable":true,"href":"https:\/\/radiostudiow.com.br\/site\/wp-json\/wp\/v2\/tags?post=28337"}],"curies":[{"name":"wp","href":"https:\/\/api.w.org\/{rel}","templated":true}]}}