{"id":28342,"date":"2024-10-03T21:06:03","date_gmt":"2024-10-04T00:06:03","guid":{"rendered":"https:\/\/radiostudiow.com.br\/site\/?p=28342"},"modified":"2025-01-31T14:58:23","modified_gmt":"2025-01-31T17:58:23","slug":"horario-eleitoral-gratuito-na-tv-e-no-radio-termina-hoje-quinta-feira-03","status":"publish","type":"post","link":"https:\/\/radiostudiow.com.br\/site\/2024\/10\/03\/horario-eleitoral-gratuito-na-tv-e-no-radio-termina-hoje-quinta-feira-03\/","title":{"rendered":"Hor\u00e1rio eleitoral gratuito na TV e no r\u00e1dio termina hoje quinta-feira (03)"},"content":{"rendered":"\n<p>O hor\u00e1rio eleitoral gratuito na r\u00e1dio e na televis\u00e3o para o primeiro turno das elei\u00e7\u00f5es municipais chega ao fim nesta quinta-feira (03).<\/p>\n\n\n\n<p>A propaganda come\u00e7ou em 30 de agosto, duas semanas ap\u00f3s o in\u00edcio oficial da campanha eleitoral, envolvendo candidatos aos cargos de prefeito (em chapa com vice) e vereador.<\/p>\n\n\n\n<p>Na v\u00e9spera, a presidente do Tribunal Superior Eleitoral (TSE), ministra C\u00e1rmen L\u00facia, destacou que o hor\u00e1rio eleitoral \u00e9 \u201cum espa\u00e7o de exerc\u00edcio democr\u00e1tico de informa\u00e7\u00e3o\u201d, onde os candidatos apresentam as suas propostas ao p\u00fablico, refor\u00e7ando o papel fundamental desse processo na democracia .<\/p>\n\n\n\n<p>Durante mais de um m\u00eas, os eleitores acompanharam as campanhas e propostas dos candidatos em dois blocos di\u00e1rios de 10 minutos cada, exibidos de segunda a s\u00e1bado.&nbsp;<strong>No r\u00e1dio, o hor\u00e1rio foi das 7h \u00e0s 7h10 e das 12h \u00e0s 12h10<\/strong>. Na TV, foi transmitido das 13h \u00e0s 13h10 e das 20h30 \u00e0s 20h40.<\/p>\n\n\n\n<p>Al\u00e9m dos blocos, o hor\u00e1rio gratuito tamb\u00e9m cont\u00e9m inser\u00e7\u00f5es de propaganda ao longo da programa\u00e7\u00e3o das emissoras. Foram 70 minutos di\u00e1rios de inser\u00e7\u00f5es, dos quais 60% (42 minutos) foram destinados aos candidatos a prefeito, enquanto 40% (28 minutos) foram reservados aos candidatos \u00e0s C\u00e2maras Municipais.<\/p>\n\n\n\n<p>O hor\u00e1rio eleitoral voltar\u00e1 para o segundo turno nas cidades onde houver disputa, entre os dias 11 e 25 de outubro. O primeiro turno das elei\u00e7\u00f5es acontece neste domingo (6), e os participantes dever\u00e3o comparecer \u00e0s suas elei\u00e7\u00f5es eleitorais das 8h \u00e0s 17h, conforme o hor\u00e1rio de Bras\u00edlia, levando um documento oficial com foto.<\/p>\n","protected":false},"excerpt":{"rendered":"<p>O hor\u00e1rio eleitoral gratuito na r\u00e1dio e na televis\u00e3o para o primeiro turno das elei\u00e7\u00f5es municipais chega ao fim nesta quinta-feira (03). A propaganda come\u00e7ou em 30 de agosto, duas semanas ap\u00f3s o in\u00edcio oficial da campanha eleitoral, envolvendo candidatos aos cargos de prefeito (em chapa com vice) e vereador. Na v\u00e9spera, a presidente do [&hellip;]<\/p>\n","protected":false},"author":2,"featured_media":26732,"comment_status":"open","ping_status":"open","sticky":false,"template":"","format":"standard","meta":{"footnotes":""},"categories":[7],"tags":[172],"class_list":["post-28342","post","type-post","status-publish","format-standard","has-post-thumbnail","hentry","category-geral","tag-featured"],"amp_enabled":true,"_links":{"self":[{"href":"https:\/\/radiostudiow.com.br\/site\/wp-json\/wp\/v2\/posts\/28342","targetHints":{"allow":["GET"]}}],"collection":[{"href":"https:\/\/radiostudiow.com.br\/site\/wp-json\/wp\/v2\/posts"}],"about":[{"href":"https:\/\/radiostudiow.com.br\/site\/wp-json\/wp\/v2\/types\/post"}],"author":[{"embeddable":true,"href":"https:\/\/radiostudiow.com.br\/site\/wp-json\/wp\/v2\/users\/2"}],"replies":[{"embeddable":true,"href":"https:\/\/radiostudiow.com.br\/site\/wp-json\/wp\/v2\/comments?post=28342"}],"version-history":[{"count":2,"href":"https:\/\/radiostudiow.com.br\/site\/wp-json\/wp\/v2\/posts\/28342\/revisions"}],"predecessor-version":[{"id":28360,"href":"https:\/\/radiostudiow.com.br\/site\/wp-json\/wp\/v2\/posts\/28342\/revisions\/28360"}],"wp:featuredmedia":[{"embeddable":true,"href":"https:\/\/radiostudiow.com.br\/site\/wp-json\/wp\/v2\/media\/26732"}],"wp:attachment":[{"href":"https:\/\/radiostudiow.com.br\/site\/wp-json\/wp\/v2\/media?parent=28342"}],"wp:term":[{"taxonomy":"category","embeddable":true,"href":"https:\/\/radiostudiow.com.br\/site\/wp-json\/wp\/v2\/categories?post=28342"},{"taxonomy":"post_tag","embeddable":true,"href":"https:\/\/radiostudiow.com.br\/site\/wp-json\/wp\/v2\/tags?post=28342"}],"curies":[{"name":"wp","href":"https:\/\/api.w.org\/{rel}","templated":true}]}}