{"id":28361,"date":"2024-10-03T21:09:57","date_gmt":"2024-10-04T00:09:57","guid":{"rendered":"https:\/\/radiostudiow.com.br\/site\/?p=28361"},"modified":"2025-01-31T14:58:23","modified_gmt":"2025-01-31T17:58:23","slug":"duas-pessoas-ficam-feridas-em-acidente-na-br-153-em-rio-azul-2","status":"publish","type":"post","link":"https:\/\/radiostudiow.com.br\/site\/2024\/10\/03\/duas-pessoas-ficam-feridas-em-acidente-na-br-153-em-rio-azul-2\/","title":{"rendered":"Duas pessoas ficam feridas em acidente na BR-153 em Rio Azul"},"content":{"rendered":"\n<p>Em uma colis\u00e3o transversal entre os ve\u00edculos Fiat Strada e Gol na BR-153, em Rio Azul, pr\u00f3ximo ao trevo de sa\u00edda para Mallet, duas pessoas ficaram feridas. A situa\u00e7\u00e3o foi registrada na manh\u00e3 dessa quarta-feira (02).<\/p>\n\n\n\n<figure class=\"wp-block-image size-full\"><img loading=\"lazy\" decoding=\"async\" width=\"300\" height=\"180\" src=\"https:\/\/radiostudiow.com.br\/site\/wp-content\/uploads\/2024\/04\/SITE-PEQUENO-1.png\" alt=\"\" class=\"wp-image-21868\"\/><\/figure>\n\n\n\n<p>Os dois ocupantes do Fiat Strada, sendo o motorista de 30 anos e o passageiro de 28 anos, sofreram ferimentos leves e receberam atendimento m\u00e9dico. O condutor do Gol, que havia sido emplacado em Imbituva, deixou o local antes da chegada da PRF. O Gol foi recolhido ao p\u00e1tio da corpora\u00e7\u00e3o.<\/p>\n\n\n\n<p>A Pol\u00edcia Militar de Rio Azul prestou apoio na sinaliza\u00e7\u00e3o do tr\u00e2nsito na rodovia.<\/p>\n","protected":false},"excerpt":{"rendered":"<p>Em uma colis\u00e3o transversal entre os ve\u00edculos Fiat Strada e Gol na BR-153, em Rio Azul, pr\u00f3ximo ao trevo de sa\u00edda para Mallet, duas pessoas ficaram feridas. A situa\u00e7\u00e3o foi registrada na manh\u00e3 dessa quarta-feira (02). Os dois ocupantes do Fiat Strada, sendo o motorista de 30 anos e o passageiro de 28 anos, sofreram [&hellip;]<\/p>\n","protected":false},"author":2,"featured_media":26843,"comment_status":"open","ping_status":"open","sticky":false,"template":"","format":"standard","meta":{"footnotes":""},"categories":[185],"tags":[172],"class_list":["post-28361","post","type-post","status-publish","format-standard","has-post-thumbnail","hentry","category-regional","tag-featured"],"amp_enabled":true,"_links":{"self":[{"href":"https:\/\/radiostudiow.com.br\/site\/wp-json\/wp\/v2\/posts\/28361","targetHints":{"allow":["GET"]}}],"collection":[{"href":"https:\/\/radiostudiow.com.br\/site\/wp-json\/wp\/v2\/posts"}],"about":[{"href":"https:\/\/radiostudiow.com.br\/site\/wp-json\/wp\/v2\/types\/post"}],"author":[{"embeddable":true,"href":"https:\/\/radiostudiow.com.br\/site\/wp-json\/wp\/v2\/users\/2"}],"replies":[{"embeddable":true,"href":"https:\/\/radiostudiow.com.br\/site\/wp-json\/wp\/v2\/comments?post=28361"}],"version-history":[{"count":2,"href":"https:\/\/radiostudiow.com.br\/site\/wp-json\/wp\/v2\/posts\/28361\/revisions"}],"predecessor-version":[{"id":28364,"href":"https:\/\/radiostudiow.com.br\/site\/wp-json\/wp\/v2\/posts\/28361\/revisions\/28364"}],"wp:featuredmedia":[{"embeddable":true,"href":"https:\/\/radiostudiow.com.br\/site\/wp-json\/wp\/v2\/media\/26843"}],"wp:attachment":[{"href":"https:\/\/radiostudiow.com.br\/site\/wp-json\/wp\/v2\/media?parent=28361"}],"wp:term":[{"taxonomy":"category","embeddable":true,"href":"https:\/\/radiostudiow.com.br\/site\/wp-json\/wp\/v2\/categories?post=28361"},{"taxonomy":"post_tag","embeddable":true,"href":"https:\/\/radiostudiow.com.br\/site\/wp-json\/wp\/v2\/tags?post=28361"}],"curies":[{"name":"wp","href":"https:\/\/api.w.org\/{rel}","templated":true}]}}