{"id":28365,"date":"2024-10-03T21:11:52","date_gmt":"2024-10-04T00:11:52","guid":{"rendered":"https:\/\/radiostudiow.com.br\/site\/?p=28365"},"modified":"2025-01-31T14:58:23","modified_gmt":"2025-01-31T17:58:23","slug":"policia-civil-elucida-caso-de-latrocinio-em-menos-de-24h-e-prende-3-suspeitos-em-antonio-olinto","status":"publish","type":"post","link":"https:\/\/radiostudiow.com.br\/site\/2024\/10\/03\/policia-civil-elucida-caso-de-latrocinio-em-menos-de-24h-e-prende-3-suspeitos-em-antonio-olinto\/","title":{"rendered":"Pol\u00edcia Civil elucida caso de latroc\u00ednio em menos de 24h e prende 3 suspeitos em Ant\u00f4nio Olinto"},"content":{"rendered":"\n<p>A Pol\u00edcia Civil do Paran\u00e1, por meio da 3\u00aa Subdivis\u00e3o Policial, prendeu tr\u00eas homens investigados pela pr\u00e1tica de um latroc\u00ednio consumado (roubo seguido de morte) ocorrido na madrugada do dia 2 de outubro. Conforme apurado nas investiga\u00e7\u00f5es,&nbsp;os suspeitos ceifaram a vida de Willian Almeida dos Santos, de 36 anos, a fim de subtrair sua carteira, dinheiro e cart\u00f5es.<\/p>\n\n\n\n<figure class=\"wp-block-image size-full\"><img loading=\"lazy\" decoding=\"async\" width=\"900\" height=\"408\" src=\"https:\/\/radiostudiow.com.br\/site\/wp-content\/uploads\/2024\/09\/image-64-1.png\" alt=\"\" class=\"wp-image-28207\" srcset=\"https:\/\/radiostudiow.com.br\/site\/wp-content\/uploads\/2024\/09\/image-64-1.png 900w, https:\/\/radiostudiow.com.br\/site\/wp-content\/uploads\/2024\/09\/image-64-1-300x136.png 300w, https:\/\/radiostudiow.com.br\/site\/wp-content\/uploads\/2024\/09\/image-64-1-768x348.png 768w\" sizes=\"auto, (max-width: 900px) 100vw, 900px\" \/><\/figure>\n\n\n\n<p>A a\u00e7\u00e3o investigativa se iniciou \u00e0s 8h da manh\u00e3 com o encontro do cad\u00e1ver e foi finalizada \u00e0s 23h daquele dia, com duas linhas de trabalho executadas simultaneamente, a primeira em campo com a colheita de elementos de informa\u00e7\u00e3o para subsidiar a investiga\u00e7\u00e3o e a segunda na sede da Delegacia com a oitiva dos investigados e testemunhas. Desse modo, foi poss\u00edvel realizar a identifica\u00e7\u00e3o dos autores, que confessaram a pr\u00e1tica do crime, cujas pris\u00f5es em flagrante foram realizadas em menos de 24 horas.<\/p>\n\n\n\n<figure class=\"wp-block-image size-large\"><img loading=\"lazy\" decoding=\"async\" width=\"1024\" height=\"538\" src=\"https:\/\/radiostudiow.com.br\/site\/wp-content\/uploads\/2024\/10\/03-1024x538.jpg\" alt=\"\" class=\"wp-image-28367\" srcset=\"https:\/\/radiostudiow.com.br\/site\/wp-content\/uploads\/2024\/10\/03-1024x538.jpg 1024w, https:\/\/radiostudiow.com.br\/site\/wp-content\/uploads\/2024\/10\/03-300x158.jpg 300w, https:\/\/radiostudiow.com.br\/site\/wp-content\/uploads\/2024\/10\/03-768x403.jpg 768w, https:\/\/radiostudiow.com.br\/site\/wp-content\/uploads\/2024\/10\/03.jpg 1068w\" sizes=\"auto, (max-width: 1024px) 100vw, 1024px\" \/><\/figure>\n\n\n\n<p>A a\u00e7\u00e3o contou com o apoio da Pol\u00edcia Militar, evidenciando a integra\u00e7\u00e3o e colabora\u00e7\u00e3o entre as for\u00e7as seguran\u00e7a p\u00fablica no munic\u00edpio.<\/p>\n\n\n\n<p>A PCPR informou ainda que as investiga\u00e7\u00f5es continuam em andamento e o Inqu\u00e9rito Policial ser\u00e1 relatado ao Minist\u00e9rio P\u00fablico dentro do prazo legal, a fim de garantir a devida responsabiliza\u00e7\u00e3o dos envolvidos.<\/p>\n","protected":false},"excerpt":{"rendered":"<p>A Pol\u00edcia Civil do Paran\u00e1, por meio da 3\u00aa Subdivis\u00e3o Policial, prendeu tr\u00eas homens investigados pela pr\u00e1tica de um latroc\u00ednio consumado (roubo seguido de morte) ocorrido na madrugada do dia 2 de outubro. Conforme apurado nas investiga\u00e7\u00f5es,&nbsp;os suspeitos ceifaram a vida de Willian Almeida dos Santos, de 36 anos, a fim de subtrair sua carteira, [&hellip;]<\/p>\n","protected":false},"author":2,"featured_media":28331,"comment_status":"open","ping_status":"open","sticky":false,"template":"","format":"standard","meta":{"footnotes":""},"categories":[2],"tags":[172],"class_list":["post-28365","post","type-post","status-publish","format-standard","has-post-thumbnail","hentry","category-policial","tag-featured"],"amp_enabled":true,"_links":{"self":[{"href":"https:\/\/radiostudiow.com.br\/site\/wp-json\/wp\/v2\/posts\/28365","targetHints":{"allow":["GET"]}}],"collection":[{"href":"https:\/\/radiostudiow.com.br\/site\/wp-json\/wp\/v2\/posts"}],"about":[{"href":"https:\/\/radiostudiow.com.br\/site\/wp-json\/wp\/v2\/types\/post"}],"author":[{"embeddable":true,"href":"https:\/\/radiostudiow.com.br\/site\/wp-json\/wp\/v2\/users\/2"}],"replies":[{"embeddable":true,"href":"https:\/\/radiostudiow.com.br\/site\/wp-json\/wp\/v2\/comments?post=28365"}],"version-history":[{"count":1,"href":"https:\/\/radiostudiow.com.br\/site\/wp-json\/wp\/v2\/posts\/28365\/revisions"}],"predecessor-version":[{"id":28368,"href":"https:\/\/radiostudiow.com.br\/site\/wp-json\/wp\/v2\/posts\/28365\/revisions\/28368"}],"wp:featuredmedia":[{"embeddable":true,"href":"https:\/\/radiostudiow.com.br\/site\/wp-json\/wp\/v2\/media\/28331"}],"wp:attachment":[{"href":"https:\/\/radiostudiow.com.br\/site\/wp-json\/wp\/v2\/media?parent=28365"}],"wp:term":[{"taxonomy":"category","embeddable":true,"href":"https:\/\/radiostudiow.com.br\/site\/wp-json\/wp\/v2\/categories?post=28365"},{"taxonomy":"post_tag","embeddable":true,"href":"https:\/\/radiostudiow.com.br\/site\/wp-json\/wp\/v2\/tags?post=28365"}],"curies":[{"name":"wp","href":"https:\/\/api.w.org\/{rel}","templated":true}]}}