{"id":28377,"date":"2024-10-04T10:48:59","date_gmt":"2024-10-04T13:48:59","guid":{"rendered":"https:\/\/radiostudiow.com.br\/site\/?p=28377"},"modified":"2025-01-31T14:58:23","modified_gmt":"2025-01-31T17:58:23","slug":"veja-como-justificar-o-voto-pelo-aplicativo-e-pela-internet","status":"publish","type":"post","link":"https:\/\/radiostudiow.com.br\/site\/2024\/10\/04\/veja-como-justificar-o-voto-pelo-aplicativo-e-pela-internet\/","title":{"rendered":"Veja como justificar o voto pelo aplicativo e pela internet"},"content":{"rendered":"\n<p>A eleitora ou o eleitor que estiver fora de seu domic\u00edlio eleitoral (a cidade onde a eleitora ou o eleitor vota) no dia e hor\u00e1rio da elei\u00e7\u00e3o (das 8h \u00e0s 17h) pode utilizar o&nbsp;<a href=\"https:\/\/www.tre-pr.jus.br\/comunicacao\/noticias\/2024\/Setembro\/justica-eleitoral-convida-eleitoras-e-eleitores-a-atualizar-o-e-titulo\"><strong>e-T\u00edtulo<\/strong><\/a>&nbsp;para justificar sua aus\u00eancia \u00e0s urnas. O aplicativo est\u00e1 dispon\u00edvel para download nas plataformas Android e iOS.<\/p>\n\n\n\n<p>Na p\u00e1gina inicial do&nbsp;<em>app<\/em>, o eleitor deve acessar \u201cmais op\u00e7\u00f5es\u201d e selecionar \u201cJustificativa de aus\u00eancia\u201d para fazer o pedido. No dia da elei\u00e7\u00e3o, n\u00e3o \u00e9 necess\u00e1rio anexar documentos que comprovem o motivo da aus\u00eancia.&nbsp;<\/p>\n\n\n\n<p>O hist\u00f3rico de justificativas anteriores pode ser acessado diretamente no aplicativo, que registra os pleitos nos quais a eleitora ou o eleitor esteve ausente.<\/p>\n\n\n\n<figure class=\"wp-block-image size-full\"><img loading=\"lazy\" decoding=\"async\" width=\"900\" height=\"408\" src=\"https:\/\/radiostudiow.com.br\/site\/wp-content\/uploads\/2024\/09\/image-64-1.png\" alt=\"\" class=\"wp-image-28207\" srcset=\"https:\/\/radiostudiow.com.br\/site\/wp-content\/uploads\/2024\/09\/image-64-1.png 900w, https:\/\/radiostudiow.com.br\/site\/wp-content\/uploads\/2024\/09\/image-64-1-300x136.png 300w, https:\/\/radiostudiow.com.br\/site\/wp-content\/uploads\/2024\/09\/image-64-1-768x348.png 768w\" sizes=\"auto, (max-width: 900px) 100vw, 900px\" \/><\/figure>\n\n\n\n<h3 class=\"wp-block-heading\" id=\"titulo-0\">Baixe o aplicativo o quanto antes<\/h3>\n\n\n\n<p>Com a&nbsp;<a href=\"https:\/\/www.tre-pr.jus.br\/comunicacao\/noticias\/2024\/Agosto\/atualizacao-do-sistema-e-titulo-gera-indisponibilidade-de-sistemas-neste-domingo-1o\"><strong>atualiza\u00e7\u00e3o do aplicativo e-T\u00edtulo<\/strong><\/a>, realizada no dia 1\u00ba de setembro, a Justi\u00e7a Eleitoral convida eleitoras e eleitores a baixar a nova vers\u00e3o do aplicativo com o m\u00e1ximo de anteced\u00eancia poss\u00edvel, a fim de evitar poss\u00edveis problemas de conex\u00e3o com a aproxima\u00e7\u00e3o do primeiro turno das Elei\u00e7\u00f5es 2024, no dia 6 de outubro.<\/p>\n\n\n\n<p>Vale ressaltar que, nos dias de elei\u00e7\u00e3o, 6 de outubro, em primeiro turno, e 27 de outubro, em segundo turno, n\u00e3o \u00e9 poss\u00edvel baixar o aplicativo.<\/p>\n\n\n\n<h3 class=\"wp-block-heading\" id=\"titulo-1\">Como atualizar?&nbsp;&nbsp;<\/h3>\n\n\n\n<p>Basta acessar a aba de atualiza\u00e7\u00e3o de aplicativos do seu dispositivo (nas lojas virtuais Google Play e Apple Store) e clicar em \u201catualizar\u201d. A \u00faltima atualiza\u00e7\u00e3o do aplicativo trouxe aperfei\u00e7oamentos na identifica\u00e7\u00e3o por biometria e na consulta ao local de vota\u00e7\u00e3o, al\u00e9m de ajustes na melhoria de desempenho.&nbsp;&nbsp;<\/p>\n\n\n\n<h3 class=\"wp-block-heading\" id=\"titulo-2\">Outras formas de justificativa<\/h3>\n\n\n\n<p>No dia da elei\u00e7\u00e3o, a eleitora ou eleitor tamb\u00e9m pode justificar sua aus\u00eancia em qualquer local de vota\u00e7\u00e3o, desde que esteja fora do seu domic\u00edlio eleitoral. Pelo&nbsp;<a href=\"https:\/\/www.tre-pr.jus.br\/comunicacao\/noticias\/2024\/Setembro\/justica-eleitoral-convida-eleitoras-e-eleitores-a-atualizar-o-e-titulo\"><strong>e-T\u00edtulo<\/strong><\/a>, em \u201cJustificativa presencial\u201d, tamb\u00e9m \u00e9 poss\u00edvel consultar endere\u00e7os para justificar a aus\u00eancia presencialmente.<\/p>\n","protected":false},"excerpt":{"rendered":"<p>A eleitora ou o eleitor que estiver fora de seu domic\u00edlio eleitoral (a cidade onde a eleitora ou o eleitor vota) no dia e hor\u00e1rio da elei\u00e7\u00e3o (das 8h \u00e0s 17h) pode utilizar o&nbsp;e-T\u00edtulo&nbsp;para justificar sua aus\u00eancia \u00e0s urnas. O aplicativo est\u00e1 dispon\u00edvel para download nas plataformas Android e iOS. Na p\u00e1gina inicial do&nbsp;app, o [&hellip;]<\/p>\n","protected":false},"author":2,"featured_media":28378,"comment_status":"open","ping_status":"open","sticky":false,"template":"","format":"standard","meta":{"footnotes":""},"categories":[7],"tags":[172],"class_list":["post-28377","post","type-post","status-publish","format-standard","has-post-thumbnail","hentry","category-geral","tag-featured"],"amp_enabled":true,"_links":{"self":[{"href":"https:\/\/radiostudiow.com.br\/site\/wp-json\/wp\/v2\/posts\/28377","targetHints":{"allow":["GET"]}}],"collection":[{"href":"https:\/\/radiostudiow.com.br\/site\/wp-json\/wp\/v2\/posts"}],"about":[{"href":"https:\/\/radiostudiow.com.br\/site\/wp-json\/wp\/v2\/types\/post"}],"author":[{"embeddable":true,"href":"https:\/\/radiostudiow.com.br\/site\/wp-json\/wp\/v2\/users\/2"}],"replies":[{"embeddable":true,"href":"https:\/\/radiostudiow.com.br\/site\/wp-json\/wp\/v2\/comments?post=28377"}],"version-history":[{"count":1,"href":"https:\/\/radiostudiow.com.br\/site\/wp-json\/wp\/v2\/posts\/28377\/revisions"}],"predecessor-version":[{"id":28379,"href":"https:\/\/radiostudiow.com.br\/site\/wp-json\/wp\/v2\/posts\/28377\/revisions\/28379"}],"wp:featuredmedia":[{"embeddable":true,"href":"https:\/\/radiostudiow.com.br\/site\/wp-json\/wp\/v2\/media\/28378"}],"wp:attachment":[{"href":"https:\/\/radiostudiow.com.br\/site\/wp-json\/wp\/v2\/media?parent=28377"}],"wp:term":[{"taxonomy":"category","embeddable":true,"href":"https:\/\/radiostudiow.com.br\/site\/wp-json\/wp\/v2\/categories?post=28377"},{"taxonomy":"post_tag","embeddable":true,"href":"https:\/\/radiostudiow.com.br\/site\/wp-json\/wp\/v2\/tags?post=28377"}],"curies":[{"name":"wp","href":"https:\/\/api.w.org\/{rel}","templated":true}]}}