{"id":28391,"date":"2024-10-05T09:55:57","date_gmt":"2024-10-05T12:55:57","guid":{"rendered":"https:\/\/radiostudiow.com.br\/site\/?p=28391"},"modified":"2025-01-31T14:58:23","modified_gmt":"2025-01-31T17:58:23","slug":"saiba-o-que-pode-ou-nao-ser-feito-no-dia-da-eleicao","status":"publish","type":"post","link":"https:\/\/radiostudiow.com.br\/site\/2024\/10\/05\/saiba-o-que-pode-ou-nao-ser-feito-no-dia-da-eleicao\/","title":{"rendered":"Saiba o que pode ou n\u00e3o ser feito no dia da elei\u00e7\u00e3o"},"content":{"rendered":"\n<p>Em 6 de outubro, mais de 153 milh\u00f5es de brasileiras e brasileiros ir\u00e3o \u00e0s urnas para escolher novos prefeitos e vereadores para 5.569 munic\u00edpios. E, para esse dia, a Justi\u00e7a Eleitoral tem uma norma que disciplina o que pode ou n\u00e3o ser feito, seja pelos candidatos ou pelos pr\u00f3prios eleitores. Todas as regras sobre propaganda eleitoral est\u00e3o na Resolu\u00e7\u00e3o TSE n\u00b0 23.610\/2019, modificada recentemente pela Resolu\u00e7\u00e3o TSE n\u00b0 23.732\/2024.<\/p>\n\n\n\n<p><br><strong>Permiss\u00e3o<br><\/strong>No dia das elei\u00e7\u00f5es \u00e9 permitida a manifesta\u00e7\u00e3o, desde que individual e silenciosa, da prefer\u00eancia do eleitor por determinado candidato, partido, coliga\u00e7\u00e3o ou federa\u00e7\u00e3o, desde que seja feita por meio do uso de bandeiras, broches, d\u00edsticos, adesivos e camisetas.<\/p>\n\n\n\n<p><strong>Proibi\u00e7\u00e3o<br><\/strong>A aglomera\u00e7\u00e3o de pessoas com roupas ou instrumentos de propaganda que identifiquem partido, coliga\u00e7\u00e3o ou federa\u00e7\u00e3o \u00e9 vedada pela legisla\u00e7\u00e3o eleitoral. Da mesma forma, \u00e9 proibida a manifesta\u00e7\u00e3o ruidosa ou coletiva, a abordagem, aliciamento e utiliza\u00e7\u00e3o de m\u00e9todos de persuas\u00e3o ou convencimento do eleitorado, bem como a distribui\u00e7\u00e3o de camisetas.<\/p>\n\n\n\n<p>Nas se\u00e7\u00f5es eleitorais e juntas apuradoras, os servidores da Justi\u00e7a Eleitoral, mes\u00e1rios e escrutinadores s\u00e3o proibidos de usar ou portar qualquer objeto que tenha propaganda de candidato, partido, coliga\u00e7\u00e3o ou federa\u00e7\u00e3o. A viola\u00e7\u00e3o a qualquer uma das condutas listadas acima configura divulga\u00e7\u00e3o de propaganda, prevista no artigo 39 da Lei n\u00b0 9.504\/1997.<\/p>\n\n\n\n<p><strong>Crimes<br><\/strong>\u00c9 considerado crime, no dia da elei\u00e7\u00e3o, o uso de alto-falantes e amplificadores de som; a realiza\u00e7\u00e3o de com\u00edcio ou carreata; a persuas\u00e3o do eleitorado; a propaganda de boca de urna; a divulga\u00e7\u00e3o de propaganda de partido ou candidato; e a publica\u00e7\u00e3o de novos conte\u00fados ou o impulsionamento, podendo ser mantidos em funcionamento aplicativos e conte\u00fados que j\u00e1 tenham sido publicados anteriormente.<\/p>\n\n\n\n<p><strong>Responsabiliza\u00e7\u00e3o<br><\/strong>Qualquer cidad\u00e3o que tiver conhecimento de infra\u00e7\u00e3o penal prevista na legisla\u00e7\u00e3o eleitoral deve comunicar ao ju\u00edzo da zona eleitoral onde a irregularidade foi verificada. Ju\u00edzas e ju\u00edzes eleitorais poder\u00e3o, a depender da natureza da infra\u00e7\u00e3o, encaminhar as irregularidades para an\u00e1lise do Minist\u00e9rio P\u00fablico.<\/p>\n","protected":false},"excerpt":{"rendered":"<p>Em 6 de outubro, mais de 153 milh\u00f5es de brasileiras e brasileiros ir\u00e3o \u00e0s urnas para escolher novos prefeitos e vereadores para 5.569 munic\u00edpios. E, para esse dia, a Justi\u00e7a Eleitoral tem uma norma que disciplina o que pode ou n\u00e3o ser feito, seja pelos candidatos ou pelos pr\u00f3prios eleitores. Todas as regras sobre propaganda [&hellip;]<\/p>\n","protected":false},"author":2,"featured_media":28405,"comment_status":"open","ping_status":"open","sticky":false,"template":"","format":"standard","meta":{"footnotes":""},"categories":[7],"tags":[172],"class_list":["post-28391","post","type-post","status-publish","format-standard","has-post-thumbnail","hentry","category-geral","tag-featured"],"amp_enabled":true,"_links":{"self":[{"href":"https:\/\/radiostudiow.com.br\/site\/wp-json\/wp\/v2\/posts\/28391","targetHints":{"allow":["GET"]}}],"collection":[{"href":"https:\/\/radiostudiow.com.br\/site\/wp-json\/wp\/v2\/posts"}],"about":[{"href":"https:\/\/radiostudiow.com.br\/site\/wp-json\/wp\/v2\/types\/post"}],"author":[{"embeddable":true,"href":"https:\/\/radiostudiow.com.br\/site\/wp-json\/wp\/v2\/users\/2"}],"replies":[{"embeddable":true,"href":"https:\/\/radiostudiow.com.br\/site\/wp-json\/wp\/v2\/comments?post=28391"}],"version-history":[{"count":2,"href":"https:\/\/radiostudiow.com.br\/site\/wp-json\/wp\/v2\/posts\/28391\/revisions"}],"predecessor-version":[{"id":28406,"href":"https:\/\/radiostudiow.com.br\/site\/wp-json\/wp\/v2\/posts\/28391\/revisions\/28406"}],"wp:featuredmedia":[{"embeddable":true,"href":"https:\/\/radiostudiow.com.br\/site\/wp-json\/wp\/v2\/media\/28405"}],"wp:attachment":[{"href":"https:\/\/radiostudiow.com.br\/site\/wp-json\/wp\/v2\/media?parent=28391"}],"wp:term":[{"taxonomy":"category","embeddable":true,"href":"https:\/\/radiostudiow.com.br\/site\/wp-json\/wp\/v2\/categories?post=28391"},{"taxonomy":"post_tag","embeddable":true,"href":"https:\/\/radiostudiow.com.br\/site\/wp-json\/wp\/v2\/tags?post=28391"}],"curies":[{"name":"wp","href":"https:\/\/api.w.org\/{rel}","templated":true}]}}