{"id":28408,"date":"2024-10-05T09:59:10","date_gmt":"2024-10-05T12:59:10","guid":{"rendered":"https:\/\/radiostudiow.com.br\/site\/?p=28408"},"modified":"2025-01-31T14:58:23","modified_gmt":"2025-01-31T17:58:23","slug":"profissionais-da-educacao-de-mallet-marca-presenca-no-iii-congresso-sesc-parana-de-educacao-em-uniao-da-vitoria","status":"publish","type":"post","link":"https:\/\/radiostudiow.com.br\/site\/2024\/10\/05\/profissionais-da-educacao-de-mallet-marca-presenca-no-iii-congresso-sesc-parana-de-educacao-em-uniao-da-vitoria\/","title":{"rendered":"Profissionais da Educa\u00e7\u00e3o de Mallet marca presen\u00e7a no III Congresso Sesc Paran\u00e1 de Educa\u00e7\u00e3o em Uni\u00e3o da Vit\u00f3ria"},"content":{"rendered":"\n<p>Nesta quinta-feira, 03 de outubro, a equipe de professores, equipe pedag\u00f3gica, coordenadores e diretoras, participaram da palestra: CONEX\u00d5ES EMOCIONAIS NA ALFABETIZA\u00c7\u00c3O: Fortalecendo o V\u00ednculo com a Leitura, mediado pela palestrante: Sandra Puliezi (Instituto Ler+).<\/p>\n\n\n\n<figure class=\"wp-block-image size-full\"><img loading=\"lazy\" decoding=\"async\" width=\"598\" height=\"204\" src=\"https:\/\/radiostudiow.com.br\/site\/wp-content\/uploads\/2024\/04\/image-29.png\" alt=\"\" class=\"wp-image-21283\" srcset=\"https:\/\/radiostudiow.com.br\/site\/wp-content\/uploads\/2024\/04\/image-29.png 598w, https:\/\/radiostudiow.com.br\/site\/wp-content\/uploads\/2024\/04\/image-29-300x102.png 300w\" sizes=\"auto, (max-width: 598px) 100vw, 598px\" \/><\/figure>\n\n\n\n<p>O momento foi muito importante para os profissionais, pois Sandra \u00e9 uma profissional renomada na \u00e1rea, seus cursos e estrat\u00e9gias de alfabetiza\u00e7\u00e3o no m\u00e9todo f\u00f4nico, s\u00e3o um sucesso em nossa rede de ensino.<\/p>\n\n\n\n<p>De acordo com a Secretaria da Educa\u00e7\u00e3o, o SESC de Uni\u00e3o da Vit\u00f3ria fez o convite e agradece a participa\u00e7\u00e3o dessa forma\u00e7\u00e3o espetacular.<\/p>\n","protected":false},"excerpt":{"rendered":"<p>Nesta quinta-feira, 03 de outubro, a equipe de professores, equipe pedag\u00f3gica, coordenadores e diretoras, participaram da palestra: CONEX\u00d5ES EMOCIONAIS NA ALFABETIZA\u00c7\u00c3O: Fortalecendo o V\u00ednculo com a Leitura, mediado pela palestrante: Sandra Puliezi (Instituto Ler+). O momento foi muito importante para os profissionais, pois Sandra \u00e9 uma profissional renomada na \u00e1rea, seus cursos e estrat\u00e9gias de [&hellip;]<\/p>\n","protected":false},"author":2,"featured_media":28409,"comment_status":"open","ping_status":"open","sticky":false,"template":"","format":"standard","meta":{"footnotes":""},"categories":[7],"tags":[172],"class_list":["post-28408","post","type-post","status-publish","format-standard","has-post-thumbnail","hentry","category-geral","tag-featured"],"amp_enabled":true,"_links":{"self":[{"href":"https:\/\/radiostudiow.com.br\/site\/wp-json\/wp\/v2\/posts\/28408","targetHints":{"allow":["GET"]}}],"collection":[{"href":"https:\/\/radiostudiow.com.br\/site\/wp-json\/wp\/v2\/posts"}],"about":[{"href":"https:\/\/radiostudiow.com.br\/site\/wp-json\/wp\/v2\/types\/post"}],"author":[{"embeddable":true,"href":"https:\/\/radiostudiow.com.br\/site\/wp-json\/wp\/v2\/users\/2"}],"replies":[{"embeddable":true,"href":"https:\/\/radiostudiow.com.br\/site\/wp-json\/wp\/v2\/comments?post=28408"}],"version-history":[{"count":1,"href":"https:\/\/radiostudiow.com.br\/site\/wp-json\/wp\/v2\/posts\/28408\/revisions"}],"predecessor-version":[{"id":28410,"href":"https:\/\/radiostudiow.com.br\/site\/wp-json\/wp\/v2\/posts\/28408\/revisions\/28410"}],"wp:featuredmedia":[{"embeddable":true,"href":"https:\/\/radiostudiow.com.br\/site\/wp-json\/wp\/v2\/media\/28409"}],"wp:attachment":[{"href":"https:\/\/radiostudiow.com.br\/site\/wp-json\/wp\/v2\/media?parent=28408"}],"wp:term":[{"taxonomy":"category","embeddable":true,"href":"https:\/\/radiostudiow.com.br\/site\/wp-json\/wp\/v2\/categories?post=28408"},{"taxonomy":"post_tag","embeddable":true,"href":"https:\/\/radiostudiow.com.br\/site\/wp-json\/wp\/v2\/tags?post=28408"}],"curies":[{"name":"wp","href":"https:\/\/api.w.org\/{rel}","templated":true}]}}