{"id":28411,"date":"2024-10-05T10:00:05","date_gmt":"2024-10-05T13:00:05","guid":{"rendered":"https:\/\/radiostudiow.com.br\/site\/?p=28411"},"modified":"2025-01-31T14:58:23","modified_gmt":"2025-01-31T17:58:23","slug":"vitima-de-acidente-de-trabalho-em-porto-uniao-tera-orgaos-doados","status":"publish","type":"post","link":"https:\/\/radiostudiow.com.br\/site\/2024\/10\/05\/vitima-de-acidente-de-trabalho-em-porto-uniao-tera-orgaos-doados\/","title":{"rendered":"V\u00edtima de acidente de trabalho em Porto Uni\u00e3o ter\u00e1 \u00f3rg\u00e3os doados"},"content":{"rendered":"\n<p>A fam\u00edlia de Evandro Fernandes, de 29 anos, v\u00edtima de um acidente de trabalho na \u00e1rea industrial de Porto Uni\u00e3o, optou por doar os \u00f3rg\u00e3os do jovem, que teve morte cerebral confirmada nesta sexta-feira, 04. A capta\u00e7\u00e3o dos \u00f3rg\u00e3os ser\u00e1 real\u00e7izada no Hospital S\u00e3o Braz.<\/p>\n\n\n\n<figure class=\"wp-block-image size-full\"><img loading=\"lazy\" decoding=\"async\" width=\"900\" height=\"408\" src=\"https:\/\/radiostudiow.com.br\/site\/wp-content\/uploads\/2024\/09\/image-64-1.png\" alt=\"\" class=\"wp-image-28207\" srcset=\"https:\/\/radiostudiow.com.br\/site\/wp-content\/uploads\/2024\/09\/image-64-1.png 900w, https:\/\/radiostudiow.com.br\/site\/wp-content\/uploads\/2024\/09\/image-64-1-300x136.png 300w, https:\/\/radiostudiow.com.br\/site\/wp-content\/uploads\/2024\/09\/image-64-1-768x348.png 768w\" sizes=\"auto, (max-width: 900px) 100vw, 900px\" \/><\/figure>\n\n\n\n<p>Evandro sofreu o acidente que o levou a \u00f3bto na ter\u00e7a-feira, 01. Ele chegou a ser socorrido por guarni\u00e7\u00f5es do Corpo de Bombeiros. Os profissionais encontraram a v\u00edtima j\u00e1 inconsciente e com sinais de fratura fechada no cr\u00e2nio, al\u00e9m de hemorragia.<\/p>\n\n\n\n<p>Foram realizados os procedimentos protocolares, e Evandro foi encaminhado ao Hospital S\u00e3o Camilo\/S\u00e3o Br\u00e1s para tratamento. As causas do acidente est\u00e3o sob investiga\u00e7\u00e3o das autoridades competentes.<\/p>\n","protected":false},"excerpt":{"rendered":"<p>A fam\u00edlia de Evandro Fernandes, de 29 anos, v\u00edtima de um acidente de trabalho na \u00e1rea industrial de Porto Uni\u00e3o, optou por doar os \u00f3rg\u00e3os do jovem, que teve morte cerebral confirmada nesta sexta-feira, 04. A capta\u00e7\u00e3o dos \u00f3rg\u00e3os ser\u00e1 real\u00e7izada no Hospital S\u00e3o Braz. Evandro sofreu o acidente que o levou a \u00f3bto na [&hellip;]<\/p>\n","protected":false},"author":2,"featured_media":28413,"comment_status":"open","ping_status":"open","sticky":false,"template":"","format":"standard","meta":{"footnotes":""},"categories":[185],"tags":[172],"class_list":["post-28411","post","type-post","status-publish","format-standard","has-post-thumbnail","hentry","category-regional","tag-featured"],"amp_enabled":true,"_links":{"self":[{"href":"https:\/\/radiostudiow.com.br\/site\/wp-json\/wp\/v2\/posts\/28411","targetHints":{"allow":["GET"]}}],"collection":[{"href":"https:\/\/radiostudiow.com.br\/site\/wp-json\/wp\/v2\/posts"}],"about":[{"href":"https:\/\/radiostudiow.com.br\/site\/wp-json\/wp\/v2\/types\/post"}],"author":[{"embeddable":true,"href":"https:\/\/radiostudiow.com.br\/site\/wp-json\/wp\/v2\/users\/2"}],"replies":[{"embeddable":true,"href":"https:\/\/radiostudiow.com.br\/site\/wp-json\/wp\/v2\/comments?post=28411"}],"version-history":[{"count":1,"href":"https:\/\/radiostudiow.com.br\/site\/wp-json\/wp\/v2\/posts\/28411\/revisions"}],"predecessor-version":[{"id":28414,"href":"https:\/\/radiostudiow.com.br\/site\/wp-json\/wp\/v2\/posts\/28411\/revisions\/28414"}],"wp:featuredmedia":[{"embeddable":true,"href":"https:\/\/radiostudiow.com.br\/site\/wp-json\/wp\/v2\/media\/28413"}],"wp:attachment":[{"href":"https:\/\/radiostudiow.com.br\/site\/wp-json\/wp\/v2\/media?parent=28411"}],"wp:term":[{"taxonomy":"category","embeddable":true,"href":"https:\/\/radiostudiow.com.br\/site\/wp-json\/wp\/v2\/categories?post=28411"},{"taxonomy":"post_tag","embeddable":true,"href":"https:\/\/radiostudiow.com.br\/site\/wp-json\/wp\/v2\/tags?post=28411"}],"curies":[{"name":"wp","href":"https:\/\/api.w.org\/{rel}","templated":true}]}}