{"id":28415,"date":"2024-10-05T10:05:06","date_gmt":"2024-10-05T13:05:06","guid":{"rendered":"https:\/\/radiostudiow.com.br\/site\/?p=28415"},"modified":"2025-01-31T14:58:23","modified_gmt":"2025-01-31T17:58:23","slug":"prf-evita-que-saqueadores-levem-toda-carga-de-carreta-na-br-476","status":"publish","type":"post","link":"https:\/\/radiostudiow.com.br\/site\/2024\/10\/05\/prf-evita-que-saqueadores-levem-toda-carga-de-carreta-na-br-476\/","title":{"rendered":"PRF evita que saqueadores levem toda carga de carreta na BR-476"},"content":{"rendered":"\n<p>Um acidente tipo tombamento foi registrado no km 239 da Rodovia do Xisto, trecho entre Lapa e S\u00e3o Mateus do Sul por volta das 20:30 horas dessa sexta-feira (04).<\/p>\n\n\n\n<p>Segundo informa\u00e7\u00f5es o motorista perdeu o controle da dire\u00e7\u00e3o vindo a tombar. O condutor foi socorrido pelo Corpo de Bombeiros da Lapa.<\/p>\n\n\n\n<figure class=\"wp-block-image size-full\"><img loading=\"lazy\" decoding=\"async\" width=\"897\" height=\"204\" src=\"https:\/\/radiostudiow.com.br\/site\/wp-content\/uploads\/2024\/08\/TIJOLAO.png\" alt=\"\" class=\"wp-image-25951\" srcset=\"https:\/\/radiostudiow.com.br\/site\/wp-content\/uploads\/2024\/08\/TIJOLAO.png 897w, https:\/\/radiostudiow.com.br\/site\/wp-content\/uploads\/2024\/08\/TIJOLAO-300x68.png 300w, https:\/\/radiostudiow.com.br\/site\/wp-content\/uploads\/2024\/08\/TIJOLAO-768x175.png 768w\" sizes=\"auto, (max-width: 897px) 100vw, 897px\" \/><\/figure>\n\n\n\n<p>A PRF foi acionada para atender o sinistro e por os policiais estarem pela regi\u00e3o devido a um acidente que aconteceu em S\u00e3o Mateus do Sul durante a tarde, o deslocamento foi r\u00e1pido.<\/p>\n\n\n\n<p>Ao chegar no local a equipe visualizou pessoas saqueando a carga de frios (embutidos de su\u00ednos), ent\u00e3o os policiais deram ordens para que o saque fosse parado imediatamente, ainda assim foi levado 1\/4 da carga.<\/p>\n\n\n\n<p><em>Fonte: Portal Clic Sul News<\/em><\/p>\n","protected":false},"excerpt":{"rendered":"<p>Um acidente tipo tombamento foi registrado no km 239 da Rodovia do Xisto, trecho entre Lapa e S\u00e3o Mateus do Sul por volta das 20:30 horas dessa sexta-feira (04). Segundo informa\u00e7\u00f5es o motorista perdeu o controle da dire\u00e7\u00e3o vindo a tombar. O condutor foi socorrido pelo Corpo de Bombeiros da Lapa. A PRF foi acionada [&hellip;]<\/p>\n","protected":false},"author":2,"featured_media":28417,"comment_status":"open","ping_status":"open","sticky":false,"template":"","format":"standard","meta":{"footnotes":""},"categories":[185],"tags":[172],"class_list":["post-28415","post","type-post","status-publish","format-standard","has-post-thumbnail","hentry","category-regional","tag-featured"],"amp_enabled":true,"_links":{"self":[{"href":"https:\/\/radiostudiow.com.br\/site\/wp-json\/wp\/v2\/posts\/28415","targetHints":{"allow":["GET"]}}],"collection":[{"href":"https:\/\/radiostudiow.com.br\/site\/wp-json\/wp\/v2\/posts"}],"about":[{"href":"https:\/\/radiostudiow.com.br\/site\/wp-json\/wp\/v2\/types\/post"}],"author":[{"embeddable":true,"href":"https:\/\/radiostudiow.com.br\/site\/wp-json\/wp\/v2\/users\/2"}],"replies":[{"embeddable":true,"href":"https:\/\/radiostudiow.com.br\/site\/wp-json\/wp\/v2\/comments?post=28415"}],"version-history":[{"count":2,"href":"https:\/\/radiostudiow.com.br\/site\/wp-json\/wp\/v2\/posts\/28415\/revisions"}],"predecessor-version":[{"id":28420,"href":"https:\/\/radiostudiow.com.br\/site\/wp-json\/wp\/v2\/posts\/28415\/revisions\/28420"}],"wp:featuredmedia":[{"embeddable":true,"href":"https:\/\/radiostudiow.com.br\/site\/wp-json\/wp\/v2\/media\/28417"}],"wp:attachment":[{"href":"https:\/\/radiostudiow.com.br\/site\/wp-json\/wp\/v2\/media?parent=28415"}],"wp:term":[{"taxonomy":"category","embeddable":true,"href":"https:\/\/radiostudiow.com.br\/site\/wp-json\/wp\/v2\/categories?post=28415"},{"taxonomy":"post_tag","embeddable":true,"href":"https:\/\/radiostudiow.com.br\/site\/wp-json\/wp\/v2\/tags?post=28415"}],"curies":[{"name":"wp","href":"https:\/\/api.w.org\/{rel}","templated":true}]}}