{"id":28427,"date":"2024-10-05T15:14:45","date_gmt":"2024-10-05T18:14:45","guid":{"rendered":"https:\/\/radiostudiow.com.br\/site\/?p=28427"},"modified":"2025-01-31T14:58:23","modified_gmt":"2025-01-31T17:58:23","slug":"acidente-na-sc-477-envolve-veiculo-de-uniao-da-vitoria","status":"publish","type":"post","link":"https:\/\/radiostudiow.com.br\/site\/2024\/10\/05\/acidente-na-sc-477-envolve-veiculo-de-uniao-da-vitoria\/","title":{"rendered":"Acidente na SC-477 envolve ve\u00edculo de Uni\u00e3o da Vit\u00f3ria"},"content":{"rendered":"\n<p>A guarni\u00e7\u00e3o do Corpo de Bombeiros Militar de Major Vieira foi acionada para atender a um acidente de tr\u00e2nsito na SC-477, na localidade de Palmital.\u00a0O incidente envolveu um Peugeot com placas de Uni\u00e3o da Vit\u00f3ria, que saiu da pista na madrugada deste s\u00e1bado (05).<\/p>\n\n\n\n<figure class=\"wp-block-image size-full\"><img decoding=\"async\" src=\"https:\/\/radiostudiow.com.br\/site\/wp-content\/uploads\/2024\/04\/image-47.png\" alt=\"\" class=\"wp-image-21404\"\/><\/figure>\n\n\n\n<p>No local, os socorristas encontraram o condutor do ve\u00edculo, um homem de 23 anos, fora do carro.\u00a0Ele estava consciente, orientado e com sinais vitais normais, mas apresentava suspeita de contus\u00e3o na m\u00e3o esquerda e relatava dores no c\u00f3ccix.<\/p>\n\n\n\n<p>Ap\u00f3s ser imobilizado, o motorista foi encaminhado ao Hospital S\u00e3o Lucas, em Major Vieira, para atendimento m\u00e9dico.<\/p>\n\n\n\n<p>O ve\u00edculo ficou sob a responsabilidade da Pol\u00edcia Militar, que deu continuidade \u00e0s provid\u00eancias necess\u00e1rias.<\/p>\n\n\n\n<p><a href=\"mailto:?subject=Acidente%20na%20SC-477%20envolve%20ve%C3%ADculo%20de%20Uni%C3%A3o%20da%20Vit%C3%B3ria&amp;body=https:\/\/www.vvale.com.br\/transito\/acidente-na-sc-477-envolve-veiculo-de-uniao-da-vitoria\/\" target=\"_blank\" rel=\"noreferrer noopener\"><\/a><\/p>\n","protected":false},"excerpt":{"rendered":"<p>A guarni\u00e7\u00e3o do Corpo de Bombeiros Militar de Major Vieira foi acionada para atender a um acidente de tr\u00e2nsito na SC-477, na localidade de Palmital.\u00a0O incidente envolveu um Peugeot com placas de Uni\u00e3o da Vit\u00f3ria, que saiu da pista na madrugada deste s\u00e1bado (05). No local, os socorristas encontraram o condutor do ve\u00edculo, um homem [&hellip;]<\/p>\n","protected":false},"author":2,"featured_media":28432,"comment_status":"open","ping_status":"open","sticky":false,"template":"","format":"standard","meta":{"footnotes":""},"categories":[185],"tags":[172],"class_list":["post-28427","post","type-post","status-publish","format-standard","has-post-thumbnail","hentry","category-regional","tag-featured"],"amp_enabled":true,"_links":{"self":[{"href":"https:\/\/radiostudiow.com.br\/site\/wp-json\/wp\/v2\/posts\/28427","targetHints":{"allow":["GET"]}}],"collection":[{"href":"https:\/\/radiostudiow.com.br\/site\/wp-json\/wp\/v2\/posts"}],"about":[{"href":"https:\/\/radiostudiow.com.br\/site\/wp-json\/wp\/v2\/types\/post"}],"author":[{"embeddable":true,"href":"https:\/\/radiostudiow.com.br\/site\/wp-json\/wp\/v2\/users\/2"}],"replies":[{"embeddable":true,"href":"https:\/\/radiostudiow.com.br\/site\/wp-json\/wp\/v2\/comments?post=28427"}],"version-history":[{"count":1,"href":"https:\/\/radiostudiow.com.br\/site\/wp-json\/wp\/v2\/posts\/28427\/revisions"}],"predecessor-version":[{"id":28433,"href":"https:\/\/radiostudiow.com.br\/site\/wp-json\/wp\/v2\/posts\/28427\/revisions\/28433"}],"wp:featuredmedia":[{"embeddable":true,"href":"https:\/\/radiostudiow.com.br\/site\/wp-json\/wp\/v2\/media\/28432"}],"wp:attachment":[{"href":"https:\/\/radiostudiow.com.br\/site\/wp-json\/wp\/v2\/media?parent=28427"}],"wp:term":[{"taxonomy":"category","embeddable":true,"href":"https:\/\/radiostudiow.com.br\/site\/wp-json\/wp\/v2\/categories?post=28427"},{"taxonomy":"post_tag","embeddable":true,"href":"https:\/\/radiostudiow.com.br\/site\/wp-json\/wp\/v2\/tags?post=28427"}],"curies":[{"name":"wp","href":"https:\/\/api.w.org\/{rel}","templated":true}]}}