{"id":28434,"date":"2024-10-05T15:24:37","date_gmt":"2024-10-05T18:24:37","guid":{"rendered":"https:\/\/radiostudiow.com.br\/site\/?p=28434"},"modified":"2025-01-31T14:58:23","modified_gmt":"2025-01-31T17:58:23","slug":"foragido-da-cadeia-publica-de-sao-mateus-do-sul-morre-em-confronto-com-a-pm-da-lapa","status":"publish","type":"post","link":"https:\/\/radiostudiow.com.br\/site\/2024\/10\/05\/foragido-da-cadeia-publica-de-sao-mateus-do-sul-morre-em-confronto-com-a-pm-da-lapa\/","title":{"rendered":"Foragido da Cadeia P\u00fablica de S\u00e3o Mateus do Sul morre em confronto com a PM da Lapa"},"content":{"rendered":"\n<p>Um foragido da Cadeia P\u00fablica de S\u00e3o Mateus do Sul, identificado como Laumir Jos\u00e9 Ven\u00e2ncio Vidal, morreu ap\u00f3s entrar em confronto com a Pol\u00edcia Militar da Lapa na tarde desta sexta-feira (04).<\/p>\n\n\n\n<p>Segundo informa\u00e7\u00f5es apuradas pelo Portal Clic Sul News e confirmadas pelo Portal RDX, a Pol\u00edcia Militar recebeu a informa\u00e7\u00e3o de que um homem estaria amea\u00e7ando pessoas com o uso de uma espingarda na localidade e Faxinal dos Pretos.<\/p>\n\n\n\n<figure class=\"wp-block-image size-full\"><img loading=\"lazy\" decoding=\"async\" width=\"900\" height=\"408\" src=\"https:\/\/radiostudiow.com.br\/site\/wp-content\/uploads\/2024\/09\/image-64-1.png\" alt=\"\" class=\"wp-image-28207\" srcset=\"https:\/\/radiostudiow.com.br\/site\/wp-content\/uploads\/2024\/09\/image-64-1.png 900w, https:\/\/radiostudiow.com.br\/site\/wp-content\/uploads\/2024\/09\/image-64-1-300x136.png 300w, https:\/\/radiostudiow.com.br\/site\/wp-content\/uploads\/2024\/09\/image-64-1-768x348.png 768w\" sizes=\"auto, (max-width: 900px) 100vw, 900px\" \/><\/figure>\n\n\n\n<p>Ao perceber a presen\u00e7a dos policiais, o homem efetuou disparos de arma de fogo contra a equipe, que revidou efetuando disparos contra o mesmo, que foi baleado. As equipes de socorro foram acionadas, por\u00e9m o Laumir acabou entrando em \u00f3bito.<\/p>\n\n\n\n<p>Laumir esteve preso em S\u00e3o Mateus do Sul, de onde fugiu da Cadeia P\u00fablica e at\u00e9 ent\u00e3o n\u00e3o havia sido localizado. A Pol\u00edcia Civil, Instituto M\u00e9dico Legal (IML) e Criminal\u00edstica de Curitiba foram acionadas para atender a ocorr\u00eancia.<\/p>\n\n\n\n<p><strong>Fonte: Portal Clic Sul News \/ Portal RDX<\/strong><\/p>\n","protected":false},"excerpt":{"rendered":"<p>Um foragido da Cadeia P\u00fablica de S\u00e3o Mateus do Sul, identificado como Laumir Jos\u00e9 Ven\u00e2ncio Vidal, morreu ap\u00f3s entrar em confronto com a Pol\u00edcia Militar da Lapa na tarde desta sexta-feira (04). Segundo informa\u00e7\u00f5es apuradas pelo Portal Clic Sul News e confirmadas pelo Portal RDX, a Pol\u00edcia Militar recebeu a informa\u00e7\u00e3o de que um homem [&hellip;]<\/p>\n","protected":false},"author":2,"featured_media":28435,"comment_status":"open","ping_status":"open","sticky":false,"template":"","format":"standard","meta":{"footnotes":""},"categories":[2],"tags":[172],"class_list":["post-28434","post","type-post","status-publish","format-standard","has-post-thumbnail","hentry","category-policial","tag-featured"],"amp_enabled":true,"_links":{"self":[{"href":"https:\/\/radiostudiow.com.br\/site\/wp-json\/wp\/v2\/posts\/28434","targetHints":{"allow":["GET"]}}],"collection":[{"href":"https:\/\/radiostudiow.com.br\/site\/wp-json\/wp\/v2\/posts"}],"about":[{"href":"https:\/\/radiostudiow.com.br\/site\/wp-json\/wp\/v2\/types\/post"}],"author":[{"embeddable":true,"href":"https:\/\/radiostudiow.com.br\/site\/wp-json\/wp\/v2\/users\/2"}],"replies":[{"embeddable":true,"href":"https:\/\/radiostudiow.com.br\/site\/wp-json\/wp\/v2\/comments?post=28434"}],"version-history":[{"count":2,"href":"https:\/\/radiostudiow.com.br\/site\/wp-json\/wp\/v2\/posts\/28434\/revisions"}],"predecessor-version":[{"id":28438,"href":"https:\/\/radiostudiow.com.br\/site\/wp-json\/wp\/v2\/posts\/28434\/revisions\/28438"}],"wp:featuredmedia":[{"embeddable":true,"href":"https:\/\/radiostudiow.com.br\/site\/wp-json\/wp\/v2\/media\/28435"}],"wp:attachment":[{"href":"https:\/\/radiostudiow.com.br\/site\/wp-json\/wp\/v2\/media?parent=28434"}],"wp:term":[{"taxonomy":"category","embeddable":true,"href":"https:\/\/radiostudiow.com.br\/site\/wp-json\/wp\/v2\/categories?post=28434"},{"taxonomy":"post_tag","embeddable":true,"href":"https:\/\/radiostudiow.com.br\/site\/wp-json\/wp\/v2\/tags?post=28434"}],"curies":[{"name":"wp","href":"https:\/\/api.w.org\/{rel}","templated":true}]}}