{"id":28443,"date":"2024-10-07T09:28:38","date_gmt":"2024-10-07T12:28:38","guid":{"rendered":"https:\/\/radiostudiow.com.br\/site\/?p=28443"},"modified":"2025-01-31T14:58:23","modified_gmt":"2025-01-31T17:58:23","slug":"melissa-que-perdeu-perna-apos-tomar-injecao-deixa-o-hospital","status":"publish","type":"post","link":"https:\/\/radiostudiow.com.br\/site\/2024\/10\/07\/melissa-que-perdeu-perna-apos-tomar-injecao-deixa-o-hospital\/","title":{"rendered":"Melissa, que perdeu perna ap\u00f3s tomar inje\u00e7\u00e3o, deixa o hospital"},"content":{"rendered":"\n<p><em>A pequena tr\u00eas-barrense Melissa, de 4 anos,\u00a0internada no dia 31 de agosto\u00a0no Hospital Materno Infantil Jeser Amarante, de Joinville, depois de ter iniciado um processo de gangrena da perna direita em decorr\u00eancia de uma inje\u00e7\u00e3o recebida no posto de sa\u00fade da localidade tr\u00eas-barrense de S\u00e3o Jo\u00e3o dos Cavalheiros, recebeu alta na quinta-feira (03).<\/em><\/p>\n\n\n\n<figure class=\"wp-block-image size-full\"><img decoding=\"async\" src=\"https:\/\/radiostudiow.com.br\/site\/wp-content\/uploads\/2024\/04\/SITE-MEDIO.png\" alt=\"\" class=\"wp-image-21854\"\/><\/figure>\n\n\n\n<p>Contudo, ela n\u00e3o poder\u00e1 voltar para casa. Melissa precisa de um acompanhamento m\u00e9dico de pelo menos dois meses no mesmo hospital onde passou por seis cirurgias a fim de garantir que ela n\u00e3o sofresse maiores danos al\u00e9m da perda da perna. Depois, ela deve fazer v\u00e1rias sess\u00f5es de fisioterapia, o que pode ser feito em Tr\u00eas Barras.\u00a0Por\u00e9m, segundo os pais, eles pretendem ficar em Joinville at\u00e9 o fim do ano para garantir socorro imediato em caso de uma emerg\u00eancia.<\/p>\n\n\n\n<p><strong>CAUSA<\/strong><\/p>\n\n\n\n<p>Apesar de n\u00e3o ter ainda o resultado da bi\u00f3psia em m\u00e3os, a fam\u00edlia conta que foi informada que o resultado da bi\u00f3psia feita atestou que Melissa n\u00e3o tem s\u00edndrome de Nicolau como aventado por alguns m\u00e9dicos. Mas ainda n\u00e3o h\u00e1 comprova\u00e7\u00e3o oficial da causa. Um laborat\u00f3rio dos Estados Unidos investiga o caso.<\/p>\n\n\n\n<p>O Minist\u00e9rio P\u00fablico de Santa Catarina (MPSC) instaurou uma Not\u00edcia de Fato para apurar uma poss\u00edvel neglig\u00eancia m\u00e9dica no Pronto Atendimento de Tr\u00eas Barras. O caso est\u00e1 sendo investigado pela 4\u00aa Promotoria de Justi\u00e7a da Comarca de Canoinhas.<\/p>\n\n\n\n<p>A situa\u00e7\u00e3o foi relatada ap\u00f3s a suposta administra\u00e7\u00e3o incorreta de Benzilpenicilina na crian\u00e7a, o que teria causado insufici\u00eancia renal e, posteriormente, a amputa\u00e7\u00e3o de uma das pernas.<\/p>\n\n\n\n<figure class=\"wp-block-image size-full\"><img loading=\"lazy\" decoding=\"async\" width=\"897\" height=\"204\" src=\"https:\/\/radiostudiow.com.br\/site\/wp-content\/uploads\/2024\/08\/TIJOLAO.png\" alt=\"\" class=\"wp-image-25951\" srcset=\"https:\/\/radiostudiow.com.br\/site\/wp-content\/uploads\/2024\/08\/TIJOLAO.png 897w, https:\/\/radiostudiow.com.br\/site\/wp-content\/uploads\/2024\/08\/TIJOLAO-300x68.png 300w, https:\/\/radiostudiow.com.br\/site\/wp-content\/uploads\/2024\/08\/TIJOLAO-768x175.png 768w\" sizes=\"auto, (max-width: 897px) 100vw, 897px\" \/><\/figure>\n\n\n\n<p><strong>PRIORIDADE<\/strong><\/p>\n\n\n\n<p>A fam\u00edlia pede que quem puder ajudar que doe por meio das vaquinhas virtuais abertas pela fam\u00edlia. As chaves pix para fazer doa\u00e7\u00f5es s\u00e3o:&nbsp;<strong><a href=\"mailto:melissaluara11@gmail.com\">melissaluara11@gmail.com<\/a>&nbsp;<\/strong>e&nbsp;<strong>096.892.999-05<\/strong>, em nome de Veridiane Aparecida Alves de Lima.<\/p>\n\n\n\n<p>Procurado, o Munic\u00edpio informou que deve emitir uma nota oficial sobre o caso assim que estiver conclu\u00edda a apura\u00e7\u00e3o t\u00e9cnica do ocorrido.<\/p>\n","protected":false},"excerpt":{"rendered":"<p>A pequena tr\u00eas-barrense Melissa, de 4 anos,\u00a0internada no dia 31 de agosto\u00a0no Hospital Materno Infantil Jeser Amarante, de Joinville, depois de ter iniciado um processo de gangrena da perna direita em decorr\u00eancia de uma inje\u00e7\u00e3o recebida no posto de sa\u00fade da localidade tr\u00eas-barrense de S\u00e3o Jo\u00e3o dos Cavalheiros, recebeu alta na quinta-feira (03). Contudo, ela [&hellip;]<\/p>\n","protected":false},"author":2,"featured_media":28444,"comment_status":"open","ping_status":"open","sticky":false,"template":"","format":"standard","meta":{"footnotes":""},"categories":[185],"tags":[172],"class_list":["post-28443","post","type-post","status-publish","format-standard","has-post-thumbnail","hentry","category-regional","tag-featured"],"amp_enabled":true,"_links":{"self":[{"href":"https:\/\/radiostudiow.com.br\/site\/wp-json\/wp\/v2\/posts\/28443","targetHints":{"allow":["GET"]}}],"collection":[{"href":"https:\/\/radiostudiow.com.br\/site\/wp-json\/wp\/v2\/posts"}],"about":[{"href":"https:\/\/radiostudiow.com.br\/site\/wp-json\/wp\/v2\/types\/post"}],"author":[{"embeddable":true,"href":"https:\/\/radiostudiow.com.br\/site\/wp-json\/wp\/v2\/users\/2"}],"replies":[{"embeddable":true,"href":"https:\/\/radiostudiow.com.br\/site\/wp-json\/wp\/v2\/comments?post=28443"}],"version-history":[{"count":2,"href":"https:\/\/radiostudiow.com.br\/site\/wp-json\/wp\/v2\/posts\/28443\/revisions"}],"predecessor-version":[{"id":28446,"href":"https:\/\/radiostudiow.com.br\/site\/wp-json\/wp\/v2\/posts\/28443\/revisions\/28446"}],"wp:featuredmedia":[{"embeddable":true,"href":"https:\/\/radiostudiow.com.br\/site\/wp-json\/wp\/v2\/media\/28444"}],"wp:attachment":[{"href":"https:\/\/radiostudiow.com.br\/site\/wp-json\/wp\/v2\/media?parent=28443"}],"wp:term":[{"taxonomy":"category","embeddable":true,"href":"https:\/\/radiostudiow.com.br\/site\/wp-json\/wp\/v2\/categories?post=28443"},{"taxonomy":"post_tag","embeddable":true,"href":"https:\/\/radiostudiow.com.br\/site\/wp-json\/wp\/v2\/tags?post=28443"}],"curies":[{"name":"wp","href":"https:\/\/api.w.org\/{rel}","templated":true}]}}