{"id":28447,"date":"2024-10-07T09:32:11","date_gmt":"2024-10-07T12:32:11","guid":{"rendered":"https:\/\/radiostudiow.com.br\/site\/?p=28447"},"modified":"2025-01-31T14:58:22","modified_gmt":"2025-01-31T17:58:22","slug":"acidente-deixa-uma-pessoa-ferida-em-paula-freitas","status":"publish","type":"post","link":"https:\/\/radiostudiow.com.br\/site\/2024\/10\/07\/acidente-deixa-uma-pessoa-ferida-em-paula-freitas\/","title":{"rendered":"Acidente deixa uma pessoa ferida em Paula Freitas"},"content":{"rendered":"\n<p>Um acidente de tr\u00e2nsito foi registrado na Rua Luiz Carlos Kmita, em Paula Freitas.\u00a0O Corpo de Bombeiros de Uni\u00e3o da Vit\u00f3ria foi acionado e, ao chegar no local, encontrou uma confus\u00e3o envolvendo dois ve\u00edculos por volta das 12:50 horas tarde deste s\u00e1bado (05).<\/p>\n\n\n\n<figure class=\"wp-block-image size-full\"><img loading=\"lazy\" decoding=\"async\" width=\"897\" height=\"204\" src=\"https:\/\/radiostudiow.com.br\/site\/wp-content\/uploads\/2024\/04\/image-37.png\" alt=\"\" class=\"wp-image-21305\" srcset=\"https:\/\/radiostudiow.com.br\/site\/wp-content\/uploads\/2024\/04\/image-37.png 897w, https:\/\/radiostudiow.com.br\/site\/wp-content\/uploads\/2024\/04\/image-37-300x68.png 300w, https:\/\/radiostudiow.com.br\/site\/wp-content\/uploads\/2024\/04\/image-37-768x175.png 768w\" sizes=\"auto, (max-width: 897px) 100vw, 897px\" \/><\/figure>\n\n\n\n<p>Um carro colidiu na traseira de um caminhonete GM\/S10, com placas de Bituruna, que estava estacionado.\u00a0Duas pessoas n\u00e3o estavam no carro, sendo que apenas o passageiro sofreu ferimentos. Ele foi encaminhado ao Hospital Regional de Uni\u00e3o da Vit\u00f3ria para receber atendimento m\u00e9dico.<\/p>\n","protected":false},"excerpt":{"rendered":"<p>Um acidente de tr\u00e2nsito foi registrado na Rua Luiz Carlos Kmita, em Paula Freitas.\u00a0O Corpo de Bombeiros de Uni\u00e3o da Vit\u00f3ria foi acionado e, ao chegar no local, encontrou uma confus\u00e3o envolvendo dois ve\u00edculos por volta das 12:50 horas tarde deste s\u00e1bado (05). Um carro colidiu na traseira de um caminhonete GM\/S10, com placas de [&hellip;]<\/p>\n","protected":false},"author":2,"featured_media":28448,"comment_status":"open","ping_status":"open","sticky":false,"template":"","format":"standard","meta":{"footnotes":""},"categories":[185],"tags":[172],"class_list":["post-28447","post","type-post","status-publish","format-standard","has-post-thumbnail","hentry","category-regional","tag-featured"],"amp_enabled":true,"_links":{"self":[{"href":"https:\/\/radiostudiow.com.br\/site\/wp-json\/wp\/v2\/posts\/28447","targetHints":{"allow":["GET"]}}],"collection":[{"href":"https:\/\/radiostudiow.com.br\/site\/wp-json\/wp\/v2\/posts"}],"about":[{"href":"https:\/\/radiostudiow.com.br\/site\/wp-json\/wp\/v2\/types\/post"}],"author":[{"embeddable":true,"href":"https:\/\/radiostudiow.com.br\/site\/wp-json\/wp\/v2\/users\/2"}],"replies":[{"embeddable":true,"href":"https:\/\/radiostudiow.com.br\/site\/wp-json\/wp\/v2\/comments?post=28447"}],"version-history":[{"count":1,"href":"https:\/\/radiostudiow.com.br\/site\/wp-json\/wp\/v2\/posts\/28447\/revisions"}],"predecessor-version":[{"id":28449,"href":"https:\/\/radiostudiow.com.br\/site\/wp-json\/wp\/v2\/posts\/28447\/revisions\/28449"}],"wp:featuredmedia":[{"embeddable":true,"href":"https:\/\/radiostudiow.com.br\/site\/wp-json\/wp\/v2\/media\/28448"}],"wp:attachment":[{"href":"https:\/\/radiostudiow.com.br\/site\/wp-json\/wp\/v2\/media?parent=28447"}],"wp:term":[{"taxonomy":"category","embeddable":true,"href":"https:\/\/radiostudiow.com.br\/site\/wp-json\/wp\/v2\/categories?post=28447"},{"taxonomy":"post_tag","embeddable":true,"href":"https:\/\/radiostudiow.com.br\/site\/wp-json\/wp\/v2\/tags?post=28447"}],"curies":[{"name":"wp","href":"https:\/\/api.w.org\/{rel}","templated":true}]}}