{"id":28461,"date":"2024-10-07T11:17:43","date_gmt":"2024-10-07T14:17:43","guid":{"rendered":"https:\/\/radiostudiow.com.br\/site\/?p=28461"},"modified":"2025-01-31T14:58:22","modified_gmt":"2025-01-31T17:58:22","slug":"pm-de-uniao-da-vitoria-registra-caso-de-furto","status":"publish","type":"post","link":"https:\/\/radiostudiow.com.br\/site\/2024\/10\/07\/pm-de-uniao-da-vitoria-registra-caso-de-furto\/","title":{"rendered":"PM de Uni\u00e3o Da Vit\u00f3ria registra caso de furto"},"content":{"rendered":"\n<p>A equipe da Pol\u00edcia Militar de Uni\u00e3o da Vit\u00f3ria estava em patrulhamento pela \u00e1rea central momento que foi solicitada por um transeunte, o qual relatou uma situa\u00e7\u00e3o de furto por volta das 13:30 horas desse s\u00e1bado (05).<\/p>\n\n\n\n<p>O solicitante estava em um ponto de \u00f4nibus e de posse de sua mochila quando em um momento de descuido, deixou seu pertence depositado ao ch\u00e3o e se deslocou para conversar com outra pessoa, instantes depois percebeu que sua mochila havia sido subtra\u00edda.<\/p>\n\n\n\n<figure class=\"wp-block-image size-large\"><img decoding=\"async\" src=\"https:\/\/radiostudiow.com.br\/site\/wp-content\/uploads\/2024\/10\/zm_0002_24AG_anuncio_261x83mm-1024x359.png\" alt=\"\" class=\"wp-image-28224\"\/><\/figure>\n\n\n\n<p>Cabe ressaltar que a mochila era de cor preta e detalhes vermelhos e que dentro da mesma havia uma quantia em dinheiro, cerca de R$200,00, seu t\u00edtulo de eleitor, sua habilita\u00e7\u00e3o e dois cart\u00f5es banc\u00e1rios, sendo um da caixa econ\u00f4mica federal e outro da UGbank.<\/p>\n\n\n\n<p>A equipe orientou a v\u00edtima e coletou os dados, saiu em patrulhamento com intuito de encontrar os objetos com as caracter\u00edsticas repassadas, por\u00e9m sem \u00eaxito at\u00e9 o fechamento do presente boletim.<\/p>\n","protected":false},"excerpt":{"rendered":"<p>A equipe da Pol\u00edcia Militar de Uni\u00e3o da Vit\u00f3ria estava em patrulhamento pela \u00e1rea central momento que foi solicitada por um transeunte, o qual relatou uma situa\u00e7\u00e3o de furto por volta das 13:30 horas desse s\u00e1bado (05). O solicitante estava em um ponto de \u00f4nibus e de posse de sua mochila quando em um momento [&hellip;]<\/p>\n","protected":false},"author":2,"featured_media":27131,"comment_status":"open","ping_status":"open","sticky":false,"template":"","format":"standard","meta":{"footnotes":""},"categories":[2],"tags":[172],"class_list":["post-28461","post","type-post","status-publish","format-standard","has-post-thumbnail","hentry","category-policial","tag-featured"],"amp_enabled":true,"_links":{"self":[{"href":"https:\/\/radiostudiow.com.br\/site\/wp-json\/wp\/v2\/posts\/28461","targetHints":{"allow":["GET"]}}],"collection":[{"href":"https:\/\/radiostudiow.com.br\/site\/wp-json\/wp\/v2\/posts"}],"about":[{"href":"https:\/\/radiostudiow.com.br\/site\/wp-json\/wp\/v2\/types\/post"}],"author":[{"embeddable":true,"href":"https:\/\/radiostudiow.com.br\/site\/wp-json\/wp\/v2\/users\/2"}],"replies":[{"embeddable":true,"href":"https:\/\/radiostudiow.com.br\/site\/wp-json\/wp\/v2\/comments?post=28461"}],"version-history":[{"count":1,"href":"https:\/\/radiostudiow.com.br\/site\/wp-json\/wp\/v2\/posts\/28461\/revisions"}],"predecessor-version":[{"id":28462,"href":"https:\/\/radiostudiow.com.br\/site\/wp-json\/wp\/v2\/posts\/28461\/revisions\/28462"}],"wp:featuredmedia":[{"embeddable":true,"href":"https:\/\/radiostudiow.com.br\/site\/wp-json\/wp\/v2\/media\/27131"}],"wp:attachment":[{"href":"https:\/\/radiostudiow.com.br\/site\/wp-json\/wp\/v2\/media?parent=28461"}],"wp:term":[{"taxonomy":"category","embeddable":true,"href":"https:\/\/radiostudiow.com.br\/site\/wp-json\/wp\/v2\/categories?post=28461"},{"taxonomy":"post_tag","embeddable":true,"href":"https:\/\/radiostudiow.com.br\/site\/wp-json\/wp\/v2\/tags?post=28461"}],"curies":[{"name":"wp","href":"https:\/\/api.w.org\/{rel}","templated":true}]}}