{"id":28465,"date":"2024-10-07T12:03:28","date_gmt":"2024-10-07T15:03:28","guid":{"rendered":"https:\/\/radiostudiow.com.br\/site\/?p=28465"},"modified":"2025-01-31T14:58:22","modified_gmt":"2025-01-31T17:58:22","slug":"policia-militar-atende-tentativa-de-homicidio-em-uniao-da-vitoria","status":"publish","type":"post","link":"https:\/\/radiostudiow.com.br\/site\/2024\/10\/07\/policia-militar-atende-tentativa-de-homicidio-em-uniao-da-vitoria\/","title":{"rendered":"Pol\u00edcia Militar atende tentativa de homic\u00eddio em Porto Uni\u00e3o"},"content":{"rendered":"\n<p>A equipe da Pol\u00edcia Militar foi acionada para atender uma ocorr\u00eancia de tentativa de homic\u00eddio no\u00a0bairro Santa Rosa por volta das 20h30 horas desse domingo (06).<\/p>\n\n\n\n<figure class=\"wp-block-image size-full\"><img loading=\"lazy\" decoding=\"async\" width=\"300\" height=\"180\" src=\"https:\/\/radiostudiow.com.br\/site\/wp-content\/uploads\/2024\/04\/SITE-PEQUENO-1.png\" alt=\"\" class=\"wp-image-21868\"\/><\/figure>\n\n\n\n<p>De acordo com informa\u00e7\u00f5es iniciais, um homem foi encontrado ca\u00eddo em via p\u00fablica, apresentando les\u00f5es graves na cabe\u00e7a e no rosto. Ao chegarem ao local, os policiais constataram que a v\u00edtima estava com sinais vitais fracos e n\u00e3o conseguia responder \u00e0s perguntas.<\/p>\n\n\n\n<p>O Corpo de Bombeiros foi chamado e encaminhou a v\u00edtima ao hospital para atendimento m\u00e9dico.\u00a0Testemunhas relataram que tr\u00eas homens foram respons\u00e1veis pelas agress\u00f5es, proferindo amea\u00e7as relacionadas a uma poss\u00edvel desaven\u00e7a.<\/p>\n\n\n\n<p>Os agressores foram descritos como um deles usando uma bicicleta vermelha e os outros dois em uma motocicleta preta. Em seguida, os policiais localizaram um dos suspeitos, que confessou a participa\u00e7\u00e3o no crime e apresentava manchas de sangue nos p\u00e9s.<\/p>\n\n\n\n<figure class=\"wp-block-image size-full\"><img loading=\"lazy\" decoding=\"async\" width=\"598\" height=\"204\" src=\"https:\/\/radiostudiow.com.br\/site\/wp-content\/uploads\/2024\/09\/AFUBRA.png\" alt=\"\" class=\"wp-image-27135\" srcset=\"https:\/\/radiostudiow.com.br\/site\/wp-content\/uploads\/2024\/09\/AFUBRA.png 598w, https:\/\/radiostudiow.com.br\/site\/wp-content\/uploads\/2024\/09\/AFUBRA-300x102.png 300w\" sizes=\"auto, (max-width: 598px) 100vw, 598px\" \/><\/figure>\n\n\n\n<p>Outros dois suspeitos foram identificados e detidos, tamb\u00e9m confirmando a participa\u00e7\u00e3o no ataque.\u00a0Um deles foi encontrado em sua resid\u00eancia, onde os policiais apreenderam a motocicleta utilizada no crime e uma arma improvisada com vest\u00edgios de sangue.<\/p>\n\n\n\n<p>Todos os envolvidos foram levados \u00e0 delegacia para os procedimentos legais e responder\u00e3o pela tentativa de homic\u00eddio. A v\u00edtima permanece hospitalizada e seu estado de sa\u00fade n\u00e3o foi divulgado at\u00e9 o momento.<\/p>\n","protected":false},"excerpt":{"rendered":"<p>A equipe da Pol\u00edcia Militar foi acionada para atender uma ocorr\u00eancia de tentativa de homic\u00eddio no\u00a0bairro Santa Rosa por volta das 20h30 horas desse domingo (06). De acordo com informa\u00e7\u00f5es iniciais, um homem foi encontrado ca\u00eddo em via p\u00fablica, apresentando les\u00f5es graves na cabe\u00e7a e no rosto. Ao chegarem ao local, os policiais constataram que [&hellip;]<\/p>\n","protected":false},"author":2,"featured_media":22163,"comment_status":"open","ping_status":"open","sticky":false,"template":"","format":"standard","meta":{"footnotes":""},"categories":[2],"tags":[172],"class_list":["post-28465","post","type-post","status-publish","format-standard","has-post-thumbnail","hentry","category-policial","tag-featured"],"amp_enabled":true,"_links":{"self":[{"href":"https:\/\/radiostudiow.com.br\/site\/wp-json\/wp\/v2\/posts\/28465","targetHints":{"allow":["GET"]}}],"collection":[{"href":"https:\/\/radiostudiow.com.br\/site\/wp-json\/wp\/v2\/posts"}],"about":[{"href":"https:\/\/radiostudiow.com.br\/site\/wp-json\/wp\/v2\/types\/post"}],"author":[{"embeddable":true,"href":"https:\/\/radiostudiow.com.br\/site\/wp-json\/wp\/v2\/users\/2"}],"replies":[{"embeddable":true,"href":"https:\/\/radiostudiow.com.br\/site\/wp-json\/wp\/v2\/comments?post=28465"}],"version-history":[{"count":2,"href":"https:\/\/radiostudiow.com.br\/site\/wp-json\/wp\/v2\/posts\/28465\/revisions"}],"predecessor-version":[{"id":28468,"href":"https:\/\/radiostudiow.com.br\/site\/wp-json\/wp\/v2\/posts\/28465\/revisions\/28468"}],"wp:featuredmedia":[{"embeddable":true,"href":"https:\/\/radiostudiow.com.br\/site\/wp-json\/wp\/v2\/media\/22163"}],"wp:attachment":[{"href":"https:\/\/radiostudiow.com.br\/site\/wp-json\/wp\/v2\/media?parent=28465"}],"wp:term":[{"taxonomy":"category","embeddable":true,"href":"https:\/\/radiostudiow.com.br\/site\/wp-json\/wp\/v2\/categories?post=28465"},{"taxonomy":"post_tag","embeddable":true,"href":"https:\/\/radiostudiow.com.br\/site\/wp-json\/wp\/v2\/tags?post=28465"}],"curies":[{"name":"wp","href":"https:\/\/api.w.org\/{rel}","templated":true}]}}