{"id":28469,"date":"2024-10-07T12:06:36","date_gmt":"2024-10-07T15:06:36","guid":{"rendered":"https:\/\/radiostudiow.com.br\/site\/?p=28469"},"modified":"2025-01-31T14:58:22","modified_gmt":"2025-01-31T17:58:22","slug":"pm-apoia-bombeiros-em-ocorrencia-de-agressao-grave-em-uniao-da-vitoria","status":"publish","type":"post","link":"https:\/\/radiostudiow.com.br\/site\/2024\/10\/07\/pm-apoia-bombeiros-em-ocorrencia-de-agressao-grave-em-uniao-da-vitoria\/","title":{"rendered":"PM apoia bombeiros em ocorr\u00eancia de agress\u00e3o grave em Uni\u00e3o da Vit\u00f3ria"},"content":{"rendered":"\n<p>A equipe da Pol\u00edcia Militar de Uni\u00e3o da Vit\u00f3ria prestou apoio ao Corpo de Bombeiros em uma ocorr\u00eancia de agress\u00e3o no bairro S\u00e3o Crist\u00f3v\u00e3o.\u00a0A situa\u00e7\u00e3o envolvia um homem com ferimentos graves na regi\u00e3o do cr\u00e2nio por volta das 23:50 horas da noite deste domingo (06).<\/p>\n\n\n\n<p>O caso aconteceu na Rua Ralf Siegfried Waldraff,\u00a0onde os bombeiros j\u00e1 haviam encaminhado a v\u00edtima, de 22 anos, para o Hospital Regional S\u00e3o Camilo antes da chegada dos policiais.<\/p>\n\n\n\n<figure class=\"wp-block-image size-full\"><img loading=\"lazy\" decoding=\"async\" width=\"598\" height=\"204\" src=\"https:\/\/radiostudiow.com.br\/site\/wp-content\/uploads\/2024\/04\/image-29.png\" alt=\"\" class=\"wp-image-21283\" srcset=\"https:\/\/radiostudiow.com.br\/site\/wp-content\/uploads\/2024\/04\/image-29.png 598w, https:\/\/radiostudiow.com.br\/site\/wp-content\/uploads\/2024\/04\/image-29-300x102.png 300w\" sizes=\"auto, (max-width: 598px) 100vw, 598px\" \/><\/figure>\n\n\n\n<p>Testemunhas que estavam no local relataram que encontraram a v\u00edtima ca\u00edda no ch\u00e3o, com sinais aparentes de espancamento e que possivelmente teria sido atingida por golpes de fac\u00e3o.\u00a0No entanto, nenhuma delas presenciou o momento das agress\u00f5es e n\u00e3o souberam informar detalhes sobre suspeitos.<\/p>\n\n\n\n<p>Os policiais se deslocaram at\u00e9 o hospital, onde foi confirmado que o homem deu entrada com um corte profundo na cabe\u00e7a, apresentando exposi\u00e7\u00e3o de massa encef\u00e1lica, al\u00e9m de ferimentos na nuca, no ombro esquerdo e no punho direito.\u00a0A Pol\u00edcia Militar registrou a ocorr\u00eancia e a Pol\u00edcia Civil assumiu as investiga\u00e7\u00f5es para apurar os respons\u00e1veis pelo crime.<\/p>\n","protected":false},"excerpt":{"rendered":"<p>A equipe da Pol\u00edcia Militar de Uni\u00e3o da Vit\u00f3ria prestou apoio ao Corpo de Bombeiros em uma ocorr\u00eancia de agress\u00e3o no bairro S\u00e3o Crist\u00f3v\u00e3o.\u00a0A situa\u00e7\u00e3o envolvia um homem com ferimentos graves na regi\u00e3o do cr\u00e2nio por volta das 23:50 horas da noite deste domingo (06). O caso aconteceu na Rua Ralf Siegfried Waldraff,\u00a0onde os bombeiros [&hellip;]<\/p>\n","protected":false},"author":2,"featured_media":26843,"comment_status":"open","ping_status":"open","sticky":false,"template":"","format":"standard","meta":{"footnotes":""},"categories":[185],"tags":[172],"class_list":["post-28469","post","type-post","status-publish","format-standard","has-post-thumbnail","hentry","category-regional","tag-featured"],"amp_enabled":true,"_links":{"self":[{"href":"https:\/\/radiostudiow.com.br\/site\/wp-json\/wp\/v2\/posts\/28469","targetHints":{"allow":["GET"]}}],"collection":[{"href":"https:\/\/radiostudiow.com.br\/site\/wp-json\/wp\/v2\/posts"}],"about":[{"href":"https:\/\/radiostudiow.com.br\/site\/wp-json\/wp\/v2\/types\/post"}],"author":[{"embeddable":true,"href":"https:\/\/radiostudiow.com.br\/site\/wp-json\/wp\/v2\/users\/2"}],"replies":[{"embeddable":true,"href":"https:\/\/radiostudiow.com.br\/site\/wp-json\/wp\/v2\/comments?post=28469"}],"version-history":[{"count":1,"href":"https:\/\/radiostudiow.com.br\/site\/wp-json\/wp\/v2\/posts\/28469\/revisions"}],"predecessor-version":[{"id":28470,"href":"https:\/\/radiostudiow.com.br\/site\/wp-json\/wp\/v2\/posts\/28469\/revisions\/28470"}],"wp:featuredmedia":[{"embeddable":true,"href":"https:\/\/radiostudiow.com.br\/site\/wp-json\/wp\/v2\/media\/26843"}],"wp:attachment":[{"href":"https:\/\/radiostudiow.com.br\/site\/wp-json\/wp\/v2\/media?parent=28469"}],"wp:term":[{"taxonomy":"category","embeddable":true,"href":"https:\/\/radiostudiow.com.br\/site\/wp-json\/wp\/v2\/categories?post=28469"},{"taxonomy":"post_tag","embeddable":true,"href":"https:\/\/radiostudiow.com.br\/site\/wp-json\/wp\/v2\/tags?post=28469"}],"curies":[{"name":"wp","href":"https:\/\/api.w.org\/{rel}","templated":true}]}}