{"id":28471,"date":"2024-10-08T09:45:35","date_gmt":"2024-10-08T12:45:35","guid":{"rendered":"https:\/\/radiostudiow.com.br\/site\/?p=28471"},"modified":"2025-01-31T14:58:22","modified_gmt":"2025-01-31T17:58:22","slug":"homem-e-preso-por-embriaguez-ao-volante-em-mallet-5","status":"publish","type":"post","link":"https:\/\/radiostudiow.com.br\/site\/2024\/10\/08\/homem-e-preso-por-embriaguez-ao-volante-em-mallet-5\/","title":{"rendered":"Homem \u00e9 preso por embriaguez ao volante em Mallet"},"content":{"rendered":"\n<p>A equipe da Pol\u00edcia Militar de Mallet foi acionada para atender um acidente de tr\u00e2nsito por volta das 21:10 horas desse domingo, 06 de outubro, na \u00e1rea central da cidade.<\/p>\n\n\n\n<figure class=\"wp-block-image size-full\"><img loading=\"lazy\" decoding=\"async\" width=\"897\" height=\"204\" src=\"https:\/\/radiostudiow.com.br\/site\/wp-content\/uploads\/2024\/04\/image-50.png\" alt=\"\" class=\"wp-image-21368\" srcset=\"https:\/\/radiostudiow.com.br\/site\/wp-content\/uploads\/2024\/04\/image-50.png 897w, https:\/\/radiostudiow.com.br\/site\/wp-content\/uploads\/2024\/04\/image-50-300x68.png 300w, https:\/\/radiostudiow.com.br\/site\/wp-content\/uploads\/2024\/04\/image-50-768x175.png 768w\" sizes=\"auto, (max-width: 897px) 100vw, 897px\" \/><\/figure>\n\n\n\n<p>No local a equipe policial se deparou com um ve\u00edculo fiat Uno, e seu motorista apresentava sintomas vis\u00edveis de embriaguez, o qual havia colidido na parte traseira do ve\u00edculo Gol que estava devidamente estacionado. O condutor realizou o teste etilometrico, o qual teve resultado o valor 1,44mg\/l.<\/p>\n\n\n\n<p>Diante da situa\u00e7\u00e3o foi dado voz de pris\u00e3o em flagrante pelo crime de embriaguez ao volante. Na sequ\u00eancia foi conduzido at\u00e9 a 4\u00aa SDP em Uni\u00e3o da Vit\u00f3ria para providencias da autoridade judici\u00e1ria.<\/p>\n","protected":false},"excerpt":{"rendered":"<p>A equipe da Pol\u00edcia Militar de Mallet foi acionada para atender um acidente de tr\u00e2nsito por volta das 21:10 horas desse domingo, 06 de outubro, na \u00e1rea central da cidade. No local a equipe policial se deparou com um ve\u00edculo fiat Uno, e seu motorista apresentava sintomas vis\u00edveis de embriaguez, o qual havia colidido na [&hellip;]<\/p>\n","protected":false},"author":2,"featured_media":28116,"comment_status":"open","ping_status":"open","sticky":false,"template":"","format":"standard","meta":{"footnotes":""},"categories":[2],"tags":[172],"class_list":["post-28471","post","type-post","status-publish","format-standard","has-post-thumbnail","hentry","category-policial","tag-featured"],"amp_enabled":true,"_links":{"self":[{"href":"https:\/\/radiostudiow.com.br\/site\/wp-json\/wp\/v2\/posts\/28471","targetHints":{"allow":["GET"]}}],"collection":[{"href":"https:\/\/radiostudiow.com.br\/site\/wp-json\/wp\/v2\/posts"}],"about":[{"href":"https:\/\/radiostudiow.com.br\/site\/wp-json\/wp\/v2\/types\/post"}],"author":[{"embeddable":true,"href":"https:\/\/radiostudiow.com.br\/site\/wp-json\/wp\/v2\/users\/2"}],"replies":[{"embeddable":true,"href":"https:\/\/radiostudiow.com.br\/site\/wp-json\/wp\/v2\/comments?post=28471"}],"version-history":[{"count":2,"href":"https:\/\/radiostudiow.com.br\/site\/wp-json\/wp\/v2\/posts\/28471\/revisions"}],"predecessor-version":[{"id":28507,"href":"https:\/\/radiostudiow.com.br\/site\/wp-json\/wp\/v2\/posts\/28471\/revisions\/28507"}],"wp:featuredmedia":[{"embeddable":true,"href":"https:\/\/radiostudiow.com.br\/site\/wp-json\/wp\/v2\/media\/28116"}],"wp:attachment":[{"href":"https:\/\/radiostudiow.com.br\/site\/wp-json\/wp\/v2\/media?parent=28471"}],"wp:term":[{"taxonomy":"category","embeddable":true,"href":"https:\/\/radiostudiow.com.br\/site\/wp-json\/wp\/v2\/categories?post=28471"},{"taxonomy":"post_tag","embeddable":true,"href":"https:\/\/radiostudiow.com.br\/site\/wp-json\/wp\/v2\/tags?post=28471"}],"curies":[{"name":"wp","href":"https:\/\/api.w.org\/{rel}","templated":true}]}}