{"id":28476,"date":"2024-10-08T09:10:28","date_gmt":"2024-10-08T12:10:28","guid":{"rendered":"https:\/\/radiostudiow.com.br\/site\/?p=28476"},"modified":"2025-01-31T14:58:22","modified_gmt":"2025-01-31T17:58:22","slug":"pm-prende-individuo-com-drogas-e-municoes-em-sao-mateus-do-sul","status":"publish","type":"post","link":"https:\/\/radiostudiow.com.br\/site\/2024\/10\/08\/pm-prende-individuo-com-drogas-e-municoes-em-sao-mateus-do-sul\/","title":{"rendered":"PM prende indiv\u00edduo com drogas e muni\u00e7\u00f5es em S\u00e3o Mateus do Sul"},"content":{"rendered":"\n<p>A equipe da Pol\u00edcia Militar de S\u00e3o Mateus do Sul foi acionada para verificar uma situa\u00e7\u00e3o de perturba\u00e7\u00e3o do sossego na Vila Verde por volta das 21:50 horas de s\u00e1bado (05). Ao se aproximarem do local, os agentes avistaram uma motocicleta que, ao perceber a presen\u00e7a das viaturas, tentou evadir-se em alta velocidade.<\/p>\n\n\n\n<figure class=\"wp-block-image size-large is-resized\"><img decoding=\"async\" src=\"https:\/\/radiostudiow.com.br\/site\/wp-content\/uploads\/2024\/05\/86140-nacional-tv-coops-comunicacao-interna-pos-campanha-de-educacao-financeira-2024-1-1024x576.png\" alt=\"\" class=\"wp-image-23087\" style=\"width:537px;height:auto\"\/><\/figure>\n\n\n\n<p>A persegui\u00e7\u00e3o levou o motociclista a parar em frente a uma resid\u00eancia onde uma festa estava ocorrendo. Durante a abordagem, os policiais notaram que o condutor da motocicleta arremessou um inv\u00f3lucro de cor verde para dentro da casa.<\/p>\n\n\n\n<p>Imediatamente, a equipe realizou a abordagem ao motociclista e a outros indiv\u00edduos que se encontravam no p\u00e1tio da resid\u00eancia. Durante a busca, foram encontradas subst\u00e2ncias an\u00e1logas \u00e0 maconha, al\u00e9m de 14 muni\u00e7\u00f5es intactas, que o homem alegou ter encontrado na rua.<\/p>\n\n\n\n<p>Diante dos fatos, a equipe policial deu voz de pris\u00e3o aos envolvidos. Eles foram conduzidos ao pronto atendimento da cidade e, em seguida, levados \u00e0 3\u00aa Delegacia de Pol\u00edcia Civil para as devidas provid\u00eancias.<\/p>\n","protected":false},"excerpt":{"rendered":"<p>A equipe da Pol\u00edcia Militar de S\u00e3o Mateus do Sul foi acionada para verificar uma situa\u00e7\u00e3o de perturba\u00e7\u00e3o do sossego na Vila Verde por volta das 21:50 horas de s\u00e1bado (05). Ao se aproximarem do local, os agentes avistaram uma motocicleta que, ao perceber a presen\u00e7a das viaturas, tentou evadir-se em alta velocidade. A persegui\u00e7\u00e3o [&hellip;]<\/p>\n","protected":false},"author":2,"featured_media":28490,"comment_status":"open","ping_status":"open","sticky":false,"template":"","format":"standard","meta":{"footnotes":""},"categories":[2],"tags":[172],"class_list":["post-28476","post","type-post","status-publish","format-standard","has-post-thumbnail","hentry","category-policial","tag-featured"],"amp_enabled":true,"_links":{"self":[{"href":"https:\/\/radiostudiow.com.br\/site\/wp-json\/wp\/v2\/posts\/28476","targetHints":{"allow":["GET"]}}],"collection":[{"href":"https:\/\/radiostudiow.com.br\/site\/wp-json\/wp\/v2\/posts"}],"about":[{"href":"https:\/\/radiostudiow.com.br\/site\/wp-json\/wp\/v2\/types\/post"}],"author":[{"embeddable":true,"href":"https:\/\/radiostudiow.com.br\/site\/wp-json\/wp\/v2\/users\/2"}],"replies":[{"embeddable":true,"href":"https:\/\/radiostudiow.com.br\/site\/wp-json\/wp\/v2\/comments?post=28476"}],"version-history":[{"count":3,"href":"https:\/\/radiostudiow.com.br\/site\/wp-json\/wp\/v2\/posts\/28476\/revisions"}],"predecessor-version":[{"id":28491,"href":"https:\/\/radiostudiow.com.br\/site\/wp-json\/wp\/v2\/posts\/28476\/revisions\/28491"}],"wp:featuredmedia":[{"embeddable":true,"href":"https:\/\/radiostudiow.com.br\/site\/wp-json\/wp\/v2\/media\/28490"}],"wp:attachment":[{"href":"https:\/\/radiostudiow.com.br\/site\/wp-json\/wp\/v2\/media?parent=28476"}],"wp:term":[{"taxonomy":"category","embeddable":true,"href":"https:\/\/radiostudiow.com.br\/site\/wp-json\/wp\/v2\/categories?post=28476"},{"taxonomy":"post_tag","embeddable":true,"href":"https:\/\/radiostudiow.com.br\/site\/wp-json\/wp\/v2\/tags?post=28476"}],"curies":[{"name":"wp","href":"https:\/\/api.w.org\/{rel}","templated":true}]}}