{"id":28493,"date":"2024-10-08T09:15:13","date_gmt":"2024-10-08T12:15:13","guid":{"rendered":"https:\/\/radiostudiow.com.br\/site\/?p=28493"},"modified":"2025-01-31T14:58:22","modified_gmt":"2025-01-31T17:58:22","slug":"veiculos-com-placas-de-rio-azul-se-envolve-em-acidente-na-br-153-em-irati","status":"publish","type":"post","link":"https:\/\/radiostudiow.com.br\/site\/2024\/10\/08\/veiculos-com-placas-de-rio-azul-se-envolve-em-acidente-na-br-153-em-irati\/","title":{"rendered":"Ve\u00edculos com placas de Rio Azul se envolve em acidente na BR-153 em Irati"},"content":{"rendered":"\n<p>Quatro pessoas ficaram feridas ap\u00f3s uma colis\u00e3o lateral entre os ve\u00edculos Palio e Gol, ambos emplacados em Rio Azul na noite de s\u00e1bado, 05 de outubro, na BR-153 em Irati.<\/p>\n\n\n\n<figure class=\"wp-block-image size-full\"><img loading=\"lazy\" decoding=\"async\" width=\"897\" height=\"204\" src=\"https:\/\/radiostudiow.com.br\/site\/wp-content\/uploads\/2024\/08\/TIJOLAO.png\" alt=\"\" class=\"wp-image-25951\" srcset=\"https:\/\/radiostudiow.com.br\/site\/wp-content\/uploads\/2024\/08\/TIJOLAO.png 897w, https:\/\/radiostudiow.com.br\/site\/wp-content\/uploads\/2024\/08\/TIJOLAO-300x68.png 300w, https:\/\/radiostudiow.com.br\/site\/wp-content\/uploads\/2024\/08\/TIJOLAO-768x175.png 768w\" sizes=\"auto, (max-width: 897px) 100vw, 897px\" \/><\/figure>\n\n\n\n<p>De acordo com a PRF, o condutor do Palio de 23 anos n\u00e3o se feriu. Entre os passageiros, uma mulher de 19 anos tamb\u00e9m n\u00e3o teve ferimentos. J\u00e1 uma mulher e um homem, de 41 e 44 anos, respectivamente, tiveram les\u00f5es leves e receberam atendimento m\u00e9dico.<\/p>\n\n\n\n<p>O motorista e uma passageira do Gol, de 36 e 33 anos, sofreram ferimentos leves.<\/p>\n","protected":false},"excerpt":{"rendered":"<p>Quatro pessoas ficaram feridas ap\u00f3s uma colis\u00e3o lateral entre os ve\u00edculos Palio e Gol, ambos emplacados em Rio Azul na noite de s\u00e1bado, 05 de outubro, na BR-153 em Irati. De acordo com a PRF, o condutor do Palio de 23 anos n\u00e3o se feriu. Entre os passageiros, uma mulher de 19 anos tamb\u00e9m n\u00e3o [&hellip;]<\/p>\n","protected":false},"author":2,"featured_media":26843,"comment_status":"open","ping_status":"open","sticky":false,"template":"","format":"standard","meta":{"footnotes":""},"categories":[185],"tags":[172],"class_list":["post-28493","post","type-post","status-publish","format-standard","has-post-thumbnail","hentry","category-regional","tag-featured"],"amp_enabled":true,"_links":{"self":[{"href":"https:\/\/radiostudiow.com.br\/site\/wp-json\/wp\/v2\/posts\/28493","targetHints":{"allow":["GET"]}}],"collection":[{"href":"https:\/\/radiostudiow.com.br\/site\/wp-json\/wp\/v2\/posts"}],"about":[{"href":"https:\/\/radiostudiow.com.br\/site\/wp-json\/wp\/v2\/types\/post"}],"author":[{"embeddable":true,"href":"https:\/\/radiostudiow.com.br\/site\/wp-json\/wp\/v2\/users\/2"}],"replies":[{"embeddable":true,"href":"https:\/\/radiostudiow.com.br\/site\/wp-json\/wp\/v2\/comments?post=28493"}],"version-history":[{"count":1,"href":"https:\/\/radiostudiow.com.br\/site\/wp-json\/wp\/v2\/posts\/28493\/revisions"}],"predecessor-version":[{"id":28494,"href":"https:\/\/radiostudiow.com.br\/site\/wp-json\/wp\/v2\/posts\/28493\/revisions\/28494"}],"wp:featuredmedia":[{"embeddable":true,"href":"https:\/\/radiostudiow.com.br\/site\/wp-json\/wp\/v2\/media\/26843"}],"wp:attachment":[{"href":"https:\/\/radiostudiow.com.br\/site\/wp-json\/wp\/v2\/media?parent=28493"}],"wp:term":[{"taxonomy":"category","embeddable":true,"href":"https:\/\/radiostudiow.com.br\/site\/wp-json\/wp\/v2\/categories?post=28493"},{"taxonomy":"post_tag","embeddable":true,"href":"https:\/\/radiostudiow.com.br\/site\/wp-json\/wp\/v2\/tags?post=28493"}],"curies":[{"name":"wp","href":"https:\/\/api.w.org\/{rel}","templated":true}]}}