{"id":28495,"date":"2024-10-08T09:21:46","date_gmt":"2024-10-08T12:21:46","guid":{"rendered":"https:\/\/radiostudiow.com.br\/site\/?p=28495"},"modified":"2025-01-31T14:58:22","modified_gmt":"2025-01-31T17:58:22","slug":"bombeiros-atendem-incendio-de-veiculo-em-uniao-da-vitoria","status":"publish","type":"post","link":"https:\/\/radiostudiow.com.br\/site\/2024\/10\/08\/bombeiros-atendem-incendio-de-veiculo-em-uniao-da-vitoria\/","title":{"rendered":"Bombeiros atendem inc\u00eandio de ve\u00edculo em Uni\u00e3o da Vit\u00f3ria"},"content":{"rendered":"\n<p>O Corpo de Bombeiros de Uni\u00e3o da Vit\u00f3ria foi acionado para atender uma ocorr\u00eancia de inc\u00eandio na Rua Expedicion\u00e1rios, no bairro Rio D\u2019Areia por volta das 04 horas da madrugada desse domingo (06).<\/p>\n\n\n\n<figure class=\"wp-block-image size-full\"><img decoding=\"async\" src=\"https:\/\/radiostudiow.com.br\/site\/wp-content\/uploads\/2024\/04\/image-42.png\" alt=\"\" class=\"wp-image-21334\"\/><\/figure>\n\n\n\n<p>Ao chegarem ao local, os bombeiros encontraram um ve\u00edculo Gol completamente destru\u00eddo pelas chamas. O propriet\u00e1rio do autom\u00f3vel n\u00e3o estava presente no momento.<\/p>\n\n\n\n<p>A equipe controlou o inc\u00eandio e garantiu a seguran\u00e7a da \u00e1rea. As causas do incidente ainda ser\u00e3o investigadas.<\/p>\n\n\n\n<figure class=\"wp-block-image size-full\"><img decoding=\"async\" src=\"https:\/\/radiostudiow.com.br\/site\/wp-content\/uploads\/2024\/10\/03-2.jpeg\" alt=\"\" class=\"wp-image-28497\"\/><\/figure>\n","protected":false},"excerpt":{"rendered":"<p>O Corpo de Bombeiros de Uni\u00e3o da Vit\u00f3ria foi acionado para atender uma ocorr\u00eancia de inc\u00eandio na Rua Expedicion\u00e1rios, no bairro Rio D\u2019Areia por volta das 04 horas da madrugada desse domingo (06). Ao chegarem ao local, os bombeiros encontraram um ve\u00edculo Gol completamente destru\u00eddo pelas chamas. O propriet\u00e1rio do autom\u00f3vel n\u00e3o estava presente no [&hellip;]<\/p>\n","protected":false},"author":2,"featured_media":28496,"comment_status":"open","ping_status":"open","sticky":false,"template":"","format":"standard","meta":{"footnotes":""},"categories":[2],"tags":[172],"class_list":["post-28495","post","type-post","status-publish","format-standard","has-post-thumbnail","hentry","category-policial","tag-featured"],"amp_enabled":true,"_links":{"self":[{"href":"https:\/\/radiostudiow.com.br\/site\/wp-json\/wp\/v2\/posts\/28495","targetHints":{"allow":["GET"]}}],"collection":[{"href":"https:\/\/radiostudiow.com.br\/site\/wp-json\/wp\/v2\/posts"}],"about":[{"href":"https:\/\/radiostudiow.com.br\/site\/wp-json\/wp\/v2\/types\/post"}],"author":[{"embeddable":true,"href":"https:\/\/radiostudiow.com.br\/site\/wp-json\/wp\/v2\/users\/2"}],"replies":[{"embeddable":true,"href":"https:\/\/radiostudiow.com.br\/site\/wp-json\/wp\/v2\/comments?post=28495"}],"version-history":[{"count":1,"href":"https:\/\/radiostudiow.com.br\/site\/wp-json\/wp\/v2\/posts\/28495\/revisions"}],"predecessor-version":[{"id":28498,"href":"https:\/\/radiostudiow.com.br\/site\/wp-json\/wp\/v2\/posts\/28495\/revisions\/28498"}],"wp:featuredmedia":[{"embeddable":true,"href":"https:\/\/radiostudiow.com.br\/site\/wp-json\/wp\/v2\/media\/28496"}],"wp:attachment":[{"href":"https:\/\/radiostudiow.com.br\/site\/wp-json\/wp\/v2\/media?parent=28495"}],"wp:term":[{"taxonomy":"category","embeddable":true,"href":"https:\/\/radiostudiow.com.br\/site\/wp-json\/wp\/v2\/categories?post=28495"},{"taxonomy":"post_tag","embeddable":true,"href":"https:\/\/radiostudiow.com.br\/site\/wp-json\/wp\/v2\/tags?post=28495"}],"curies":[{"name":"wp","href":"https:\/\/api.w.org\/{rel}","templated":true}]}}