{"id":28508,"date":"2024-10-08T11:37:33","date_gmt":"2024-10-08T14:37:33","guid":{"rendered":"https:\/\/radiostudiow.com.br\/site\/?p=28508"},"modified":"2025-01-31T14:58:22","modified_gmt":"2025-01-31T17:58:22","slug":"pm-de-uniao-da-vitoria-recupera-bicicleta-e-objetos-roubados-em-minutos-o-autor-foi-preso","status":"publish","type":"post","link":"https:\/\/radiostudiow.com.br\/site\/2024\/10\/08\/pm-de-uniao-da-vitoria-recupera-bicicleta-e-objetos-roubados-em-minutos-o-autor-foi-preso\/","title":{"rendered":"PM de Uni\u00e3o da Vit\u00f3ria recupera bicicleta e objetos roubados em minutos. O autor foi preso"},"content":{"rendered":"\n<p>A equipe da Pol\u00edcia Militar de Uni\u00e3o da Vit\u00f3ria foi acionada para prestar atendimento a uma ocorr\u00eancia de roubo na ponte Jos\u00e9 Richa, onde um masculino teria subtra\u00eddo uma bicicleta e demais pertences de uma feminina por volta das 09 horas desse domingo (06).<\/p>\n\n\n\n<figure class=\"wp-block-image size-full\"><img decoding=\"async\" src=\"https:\/\/radiostudiow.com.br\/site\/wp-content\/uploads\/2024\/04\/SITE-MEDIO.png\" alt=\"\" class=\"wp-image-21854\"\/><\/figure>\n\n\n\n<p>Ao se aproximar da ponte ela avistou um homem, sentado em um banco na entrada da ponte, e este ao avistar a v\u00edtima, se aproximou fazendo sinal para que a mesma permanecesse em sil\u00eancio, logo ap\u00f3s a v\u00edtima tentou virar a volta para fugir, quando neste momento o autor correu em sua dire\u00e7\u00e3o, retirou a bicicleta de sua posse a for\u00e7a, e ficou insistindo para que a ela entregasse o aparelho celular, ainda, n\u00e3o contente, tomou de suas m\u00e3os uma sacola a qual continha seus documentos pessoais e cart\u00e3o banc\u00e1rio, ap\u00f3s esse fato o autor se evadiu.<\/p>\n\n\n\n<p>Juntamente com a v\u00edtima foi iniciado as buscas para localizar os pertences e autor, quando em determinado momento a v\u00edtima visualizou sua bicicleta sendo conduzida por um homem, ainda ao avistar a viatura policial o masculino mudou sua dire\u00e7\u00e3o e iniciou uma tentativa de fuga.<\/p>\n\n\n\n<figure class=\"wp-block-image size-full\"><img loading=\"lazy\" decoding=\"async\" width=\"900\" height=\"408\" src=\"https:\/\/radiostudiow.com.br\/site\/wp-content\/uploads\/2024\/09\/image-64-1.png\" alt=\"\" class=\"wp-image-28207\" srcset=\"https:\/\/radiostudiow.com.br\/site\/wp-content\/uploads\/2024\/09\/image-64-1.png 900w, https:\/\/radiostudiow.com.br\/site\/wp-content\/uploads\/2024\/09\/image-64-1-300x136.png 300w, https:\/\/radiostudiow.com.br\/site\/wp-content\/uploads\/2024\/09\/image-64-1-768x348.png 768w\" sizes=\"auto, (max-width: 900px) 100vw, 900px\" \/><\/figure>\n\n\n\n<p>Foi abordado o suspeito, o qual come\u00e7ou a dizer a equipe policial &#8220;a bicicleta n\u00e3o \u00e9 minha&#8221; por v\u00e1rias vezes, indicando que teria apenas a emprestado, e o masculino que teria lhe emprestado avisou que era produto de roubo.<\/p>\n\n\n\n<p>Novamente perguntado a v\u00edtima sobre o objeto, est\u00e1 reconheceu como sendo sua, por\u00e9m relatou que o autor do roubo teria sido outro masculino, assim como relatado pelo abordado.<\/p>\n\n\n\n<p>Diante da situa\u00e7\u00e3o de flagr\u00e2ncia, ao autor foi dado voz de pris\u00e3o, e conduzido a 4\u00aa subdivis\u00e3o policial.<\/p>\n","protected":false},"excerpt":{"rendered":"<p>A equipe da Pol\u00edcia Militar de Uni\u00e3o da Vit\u00f3ria foi acionada para prestar atendimento a uma ocorr\u00eancia de roubo na ponte Jos\u00e9 Richa, onde um masculino teria subtra\u00eddo uma bicicleta e demais pertences de uma feminina por volta das 09 horas desse domingo (06). Ao se aproximar da ponte ela avistou um homem, sentado em [&hellip;]<\/p>\n","protected":false},"author":2,"featured_media":28510,"comment_status":"open","ping_status":"open","sticky":false,"template":"","format":"standard","meta":{"footnotes":""},"categories":[2],"tags":[172],"class_list":["post-28508","post","type-post","status-publish","format-standard","has-post-thumbnail","hentry","category-policial","tag-featured"],"amp_enabled":true,"_links":{"self":[{"href":"https:\/\/radiostudiow.com.br\/site\/wp-json\/wp\/v2\/posts\/28508","targetHints":{"allow":["GET"]}}],"collection":[{"href":"https:\/\/radiostudiow.com.br\/site\/wp-json\/wp\/v2\/posts"}],"about":[{"href":"https:\/\/radiostudiow.com.br\/site\/wp-json\/wp\/v2\/types\/post"}],"author":[{"embeddable":true,"href":"https:\/\/radiostudiow.com.br\/site\/wp-json\/wp\/v2\/users\/2"}],"replies":[{"embeddable":true,"href":"https:\/\/radiostudiow.com.br\/site\/wp-json\/wp\/v2\/comments?post=28508"}],"version-history":[{"count":1,"href":"https:\/\/radiostudiow.com.br\/site\/wp-json\/wp\/v2\/posts\/28508\/revisions"}],"predecessor-version":[{"id":28511,"href":"https:\/\/radiostudiow.com.br\/site\/wp-json\/wp\/v2\/posts\/28508\/revisions\/28511"}],"wp:featuredmedia":[{"embeddable":true,"href":"https:\/\/radiostudiow.com.br\/site\/wp-json\/wp\/v2\/media\/28510"}],"wp:attachment":[{"href":"https:\/\/radiostudiow.com.br\/site\/wp-json\/wp\/v2\/media?parent=28508"}],"wp:term":[{"taxonomy":"category","embeddable":true,"href":"https:\/\/radiostudiow.com.br\/site\/wp-json\/wp\/v2\/categories?post=28508"},{"taxonomy":"post_tag","embeddable":true,"href":"https:\/\/radiostudiow.com.br\/site\/wp-json\/wp\/v2\/tags?post=28508"}],"curies":[{"name":"wp","href":"https:\/\/api.w.org\/{rel}","templated":true}]}}