{"id":28512,"date":"2024-10-09T09:37:56","date_gmt":"2024-10-09T12:37:56","guid":{"rendered":"https:\/\/radiostudiow.com.br\/site\/?p=28512"},"modified":"2025-01-31T14:58:22","modified_gmt":"2025-01-31T17:58:22","slug":"softys-sepac-ha-cinco-decadas-transformando-vidas","status":"publish","type":"post","link":"https:\/\/radiostudiow.com.br\/site\/2024\/10\/09\/softys-sepac-ha-cinco-decadas-transformando-vidas\/","title":{"rendered":"Softys Sepac: h\u00e1 cinco d\u00e9cadas transformando vidas"},"content":{"rendered":"\n<p><em><strong>A Softys Sepac oferece o cuidado que as pessoas precisam no dia a dia em todas as fases de sua vida.<\/strong><\/em><\/p>\n\n\n\n<p><a href=\"https:\/\/sepac.com.br\/\" target=\"_blank\" rel=\"noreferrer noopener\"><\/a>A Softys Sepac foi fundada no munic\u00edpio de Mallet, sul do Paran\u00e1, em 1974 e atuava no plantio de \u00e1reas de reflorestamento. Ap\u00f3s alguns anos a empresa migrou para a produ\u00e7\u00e3o de papel tissue, possibilitando a conquista de novos mercados.<\/p>\n\n\n\n<figure class=\"wp-block-image size-full is-resized\"><img loading=\"lazy\" decoding=\"async\" width=\"900\" height=\"408\" src=\"https:\/\/radiostudiow.com.br\/site\/wp-content\/uploads\/2024\/09\/image-64-1.png\" alt=\"\" class=\"wp-image-28207\" style=\"width:605px;height:auto\" srcset=\"https:\/\/radiostudiow.com.br\/site\/wp-content\/uploads\/2024\/09\/image-64-1.png 900w, https:\/\/radiostudiow.com.br\/site\/wp-content\/uploads\/2024\/09\/image-64-1-300x136.png 300w, https:\/\/radiostudiow.com.br\/site\/wp-content\/uploads\/2024\/09\/image-64-1-768x348.png 768w\" sizes=\"auto, (max-width: 900px) 100vw, 900px\" \/><\/figure>\n\n\n\n<p>Os produtos da Softys Sepac s\u00e3o desenvolvidos com um rigoroso padr\u00e3o de qualidade, com a finalidade de entregar produtos resistentes, seguros e que fazem a diferen\u00e7a no dia a dia dos consumidores.<\/p>\n\n\n\n<p>Sempre preocupada com o cuidado das pessoas e oferecendo a seguran\u00e7a, tranquilidade, autonomia e liberdade que as pessoas precisam em todas as fases da sua vida.<\/p>\n\n\n\n<p>Mais do que uma ind\u00fastria, a Softys Sepac \u00e9 parte da comunidade de Mallet, gerando empregos, impulsionando o com\u00e9rcio local e promovendo o desenvolvimento sustent\u00e1vel da regi\u00e3o.<\/p>\n\n\n\n<figure class=\"wp-block-image size-full\"><img decoding=\"async\" src=\"https:\/\/radiostudiow.com.br\/site\/wp-content\/uploads\/2024\/04\/image-42.png\" alt=\"\" class=\"wp-image-21334\"\/><\/figure>\n\n\n\n<p>A cultura da Softys Sepac se baseia na promessa de cuidado que \u00e9 entregue a todas as pessoas. Atrav\u00e9s desse cuidado se abrem novas oportunidades de inova\u00e7\u00e3o, crescimento e aprendizagem, e o cuidado transforma vidas.<\/p>\n\n\n\n<p>A Softys Sepac faz a diferen\u00e7a. Softys Sepac, 50 anos fazendo a diferen\u00e7a na vida das pessoas.<\/p>\n\n\n\n<figure class=\"wp-block-image size-full\"><img loading=\"lazy\" decoding=\"async\" width=\"984\" height=\"656\" src=\"https:\/\/radiostudiow.com.br\/site\/wp-content\/uploads\/2024\/10\/image-14.png\" alt=\"\" class=\"wp-image-28514\" srcset=\"https:\/\/radiostudiow.com.br\/site\/wp-content\/uploads\/2024\/10\/image-14.png 984w, https:\/\/radiostudiow.com.br\/site\/wp-content\/uploads\/2024\/10\/image-14-300x200.png 300w, https:\/\/radiostudiow.com.br\/site\/wp-content\/uploads\/2024\/10\/image-14-768x512.png 768w\" sizes=\"auto, (max-width: 984px) 100vw, 984px\" \/><figcaption class=\"wp-element-caption\">Todos os produtos da Sepac seguem um rigoroso padr\u00e3o de qualidade \u2014 Foto: Divulga\u00e7\u00e3o \u2014 Foto: Taylan Macedo\/Box Studio<\/figcaption><\/figure>\n\n\n\n<p><strong>Sobre a Softys Sepac<\/strong><\/p>\n\n\n\n<p><em>A Softys Sepac \u00e9 uma empresa com 50 anos de mercado que segue um rigoroso padr\u00e3o de qualidade na entrega das melhores solu\u00e7\u00f5es de higiene. A Softys Sepac faz a diferen\u00e7a<\/em>.<\/p>\n\n\n\n<p>Softys Sepac:&nbsp;<a class=\"\" href=\"https:\/\/www.sepac.com.br\/\" target=\"_blank\" rel=\"noreferrer noopener\">Clique aqui<\/a><\/p>\n\n\n\n<p>Redes sociais:&nbsp;<a class=\"\" href=\"https:\/\/www.facebook.com\/sepacbr\/\" target=\"_blank\" rel=\"noreferrer noopener\">Facebook&nbsp;<\/a>|&nbsp;<a class=\"\" href=\"https:\/\/www.instagram.com\/sepacbr\/\" target=\"_blank\" rel=\"noreferrer noopener\">Instagram&nbsp;<\/a>|&nbsp;<a class=\"\" href=\"https:\/\/www.linkedin.com\/company\/sepacbr\/?originalSubdomain=br\" target=\"_blank\" rel=\"noreferrer noopener\">LinkedIn<\/a><\/p>\n","protected":false},"excerpt":{"rendered":"<p>A Softys Sepac oferece o cuidado que as pessoas precisam no dia a dia em todas as fases de sua vida. A Softys Sepac foi fundada no munic\u00edpio de Mallet, sul do Paran\u00e1, em 1974 e atuava no plantio de \u00e1reas de reflorestamento. Ap\u00f3s alguns anos a empresa migrou para a produ\u00e7\u00e3o de papel tissue, [&hellip;]<\/p>\n","protected":false},"author":2,"featured_media":28513,"comment_status":"open","ping_status":"open","sticky":false,"template":"","format":"standard","meta":{"footnotes":""},"categories":[184],"tags":[172],"class_list":["post-28512","post","type-post","status-publish","format-standard","has-post-thumbnail","hentry","category-local","tag-featured"],"amp_enabled":true,"_links":{"self":[{"href":"https:\/\/radiostudiow.com.br\/site\/wp-json\/wp\/v2\/posts\/28512","targetHints":{"allow":["GET"]}}],"collection":[{"href":"https:\/\/radiostudiow.com.br\/site\/wp-json\/wp\/v2\/posts"}],"about":[{"href":"https:\/\/radiostudiow.com.br\/site\/wp-json\/wp\/v2\/types\/post"}],"author":[{"embeddable":true,"href":"https:\/\/radiostudiow.com.br\/site\/wp-json\/wp\/v2\/users\/2"}],"replies":[{"embeddable":true,"href":"https:\/\/radiostudiow.com.br\/site\/wp-json\/wp\/v2\/comments?post=28512"}],"version-history":[{"count":3,"href":"https:\/\/radiostudiow.com.br\/site\/wp-json\/wp\/v2\/posts\/28512\/revisions"}],"predecessor-version":[{"id":28536,"href":"https:\/\/radiostudiow.com.br\/site\/wp-json\/wp\/v2\/posts\/28512\/revisions\/28536"}],"wp:featuredmedia":[{"embeddable":true,"href":"https:\/\/radiostudiow.com.br\/site\/wp-json\/wp\/v2\/media\/28513"}],"wp:attachment":[{"href":"https:\/\/radiostudiow.com.br\/site\/wp-json\/wp\/v2\/media?parent=28512"}],"wp:term":[{"taxonomy":"category","embeddable":true,"href":"https:\/\/radiostudiow.com.br\/site\/wp-json\/wp\/v2\/categories?post=28512"},{"taxonomy":"post_tag","embeddable":true,"href":"https:\/\/radiostudiow.com.br\/site\/wp-json\/wp\/v2\/tags?post=28512"}],"curies":[{"name":"wp","href":"https:\/\/api.w.org\/{rel}","templated":true}]}}