{"id":28518,"date":"2024-10-09T09:39:27","date_gmt":"2024-10-09T12:39:27","guid":{"rendered":"https:\/\/radiostudiow.com.br\/site\/?p=28518"},"modified":"2025-01-31T14:58:22","modified_gmt":"2025-01-31T17:58:22","slug":"mulher-e-presa-suspeita-de-atear-fogo-em-residencia-incendio-destruiu-veiculos-e-quatro-gatos-morreram-carbonizados","status":"publish","type":"post","link":"https:\/\/radiostudiow.com.br\/site\/2024\/10\/09\/mulher-e-presa-suspeita-de-atear-fogo-em-residencia-incendio-destruiu-veiculos-e-quatro-gatos-morreram-carbonizados\/","title":{"rendered":"Mulher \u00e9 presa suspeita de atear fogo em resid\u00eancia. Inc\u00eandio destruiu ve\u00edculos e quatro gatos morreram carbonizados"},"content":{"rendered":"\n<p>O inc\u00eandio supostamente criminoso que foi registrado por volta 06:25 horas da manh\u00e3 desta ter\u00e7a-feira, 08 de Outubro, e que destruiu uma resid\u00eancia na Rua Jo\u00e3o Santos Leal, na Vila Amaral, deixou um rastro de destrui\u00e7\u00e3o no local.<\/p>\n\n\n\n<p>Segundo informa\u00e7\u00f5es do Corpo de Bombeiros, al\u00e9m da casa, o fogo atingiu um autom\u00f3vel e uma motocicleta que estavam na garagem, que foram completamente destru\u00eddos pelas chamas.<\/p>\n\n\n\n<figure class=\"wp-block-image size-large\"><img decoding=\"async\" src=\"https:\/\/radiostudiow.com.br\/site\/wp-content\/uploads\/2024\/10\/zm_0002_24AG_anuncio_261x83mm-1024x359.png\" alt=\"\" class=\"wp-image-28224\"\/><\/figure>\n\n\n\n<p>Al\u00e9m disso, quatro gatos que estavam dentro do im\u00f3vel n\u00e3o conseguiram fugir e morreram carbonizados. A propriet\u00e1ria da resid\u00eancia informou que um cachorro, ao perceber o fogo, conseguiu escapar e fugiu do local.<\/p>\n\n\n\n<p>Durante a manh\u00e3 desta ter\u00e7a-feira, uma mulher suspeita pelo crime foi presa pela Pol\u00edcia Militar e foi encaminhada \u00e0 3\u00aa Subdivis\u00e3o Policial (SDP).<\/p>\n","protected":false},"excerpt":{"rendered":"<p>O inc\u00eandio supostamente criminoso que foi registrado por volta 06:25 horas da manh\u00e3 desta ter\u00e7a-feira, 08 de Outubro, e que destruiu uma resid\u00eancia na Rua Jo\u00e3o Santos Leal, na Vila Amaral, deixou um rastro de destrui\u00e7\u00e3o no local. Segundo informa\u00e7\u00f5es do Corpo de Bombeiros, al\u00e9m da casa, o fogo atingiu um autom\u00f3vel e uma motocicleta [&hellip;]<\/p>\n","protected":false},"author":2,"featured_media":28529,"comment_status":"open","ping_status":"open","sticky":false,"template":"","format":"standard","meta":{"footnotes":""},"categories":[185],"tags":[172],"class_list":["post-28518","post","type-post","status-publish","format-standard","has-post-thumbnail","hentry","category-regional","tag-featured"],"amp_enabled":true,"_links":{"self":[{"href":"https:\/\/radiostudiow.com.br\/site\/wp-json\/wp\/v2\/posts\/28518","targetHints":{"allow":["GET"]}}],"collection":[{"href":"https:\/\/radiostudiow.com.br\/site\/wp-json\/wp\/v2\/posts"}],"about":[{"href":"https:\/\/radiostudiow.com.br\/site\/wp-json\/wp\/v2\/types\/post"}],"author":[{"embeddable":true,"href":"https:\/\/radiostudiow.com.br\/site\/wp-json\/wp\/v2\/users\/2"}],"replies":[{"embeddable":true,"href":"https:\/\/radiostudiow.com.br\/site\/wp-json\/wp\/v2\/comments?post=28518"}],"version-history":[{"count":4,"href":"https:\/\/radiostudiow.com.br\/site\/wp-json\/wp\/v2\/posts\/28518\/revisions"}],"predecessor-version":[{"id":28537,"href":"https:\/\/radiostudiow.com.br\/site\/wp-json\/wp\/v2\/posts\/28518\/revisions\/28537"}],"wp:featuredmedia":[{"embeddable":true,"href":"https:\/\/radiostudiow.com.br\/site\/wp-json\/wp\/v2\/media\/28529"}],"wp:attachment":[{"href":"https:\/\/radiostudiow.com.br\/site\/wp-json\/wp\/v2\/media?parent=28518"}],"wp:term":[{"taxonomy":"category","embeddable":true,"href":"https:\/\/radiostudiow.com.br\/site\/wp-json\/wp\/v2\/categories?post=28518"},{"taxonomy":"post_tag","embeddable":true,"href":"https:\/\/radiostudiow.com.br\/site\/wp-json\/wp\/v2\/tags?post=28518"}],"curies":[{"name":"wp","href":"https:\/\/api.w.org\/{rel}","templated":true}]}}