{"id":28538,"date":"2024-10-09T10:02:52","date_gmt":"2024-10-09T13:02:52","guid":{"rendered":"https:\/\/radiostudiow.com.br\/site\/?p=28538"},"modified":"2025-01-31T14:58:22","modified_gmt":"2025-01-31T17:58:22","slug":"boletim-da-secretaria-da-saude-registra-mais-264-casos-de-dengue-no-parana","status":"publish","type":"post","link":"https:\/\/radiostudiow.com.br\/site\/2024\/10\/09\/boletim-da-secretaria-da-saude-registra-mais-264-casos-de-dengue-no-parana\/","title":{"rendered":"Boletim da Secretaria da Sa\u00fade registra mais 264 casos de dengue no Paran\u00e1"},"content":{"rendered":"\n<p>A Secretaria de Estado da Sa\u00fade (Sesa), por meio da Coordenadoria Estadual de Vigil\u00e2ncia Ambiental, publicou nesta ter\u00e7a-feira (08) o novo informe semanal da dengue. Foram registrados mais 264 casos da doen\u00e7a sem nenhum \u00f3bito na \u00faltima semana.<\/p>\n\n\n\n<p>Somados os dados do novo per\u00edodo epidemiol\u00f3gico, iniciado em 28 de julho de 2024, o Paran\u00e1 registra 19.586 notifica\u00e7\u00f5es e 2.460 casos confirmados, sem mortes.<\/p>\n\n\n\n<div class=\"wp-block-media-text is-stacked-on-mobile\"><figure class=\"wp-block-media-text__media\"><img decoding=\"async\" src=\"https:\/\/radiostudiow.com.br\/site\/wp-content\/uploads\/2024\/05\/LABIRATI-1024x1024.png\" alt=\"\" class=\"wp-image-22265 size-full\"\/><\/figure><div class=\"wp-block-media-text__content\">\n<p>A Labirati cuida da sua sa\u00fade!<\/p>\n\n\n\n<p>\ud83d\udccdRua Major Estev\u00e3o &#8211; 208 &#8211; Centro &#8211; Mallet &#8211; PR &#8211; em frente a antiga prefeitura<\/p>\n\n\n\n<p>\u260e\ufe0f 42 99866-8578 | 42 3542-1001<\/p>\n<\/div><\/div>\n\n\n\n<p>No total, 339 munic\u00edpios j\u00e1 apresentaram notifica\u00e7\u00f5es da doen\u00e7a, que \u00e9 transmitida pelo mosquito&nbsp;Aedes aegypti, e 209 possuem casos confirmados.<\/p>\n\n\n\n<p><strong>OUTRAS ARBOVIROSES&nbsp;\u2013<\/strong>&nbsp;Informa\u00e7\u00f5es sobre chikungunya e zika, doen\u00e7as tamb\u00e9m transmitidas pelo mosquito Aedes aegypti, constam nesse mesmo documento. Neste per\u00edodo foram confirmados sete casos de chikungunya, sendo registradas 159 notifica\u00e7\u00f5es da doen\u00e7a no Estado. Com rela\u00e7\u00e3o \u00e0 zika v\u00edrus, at\u00e9 o momento ocorreram sete&nbsp;notifica\u00e7\u00f5es.<\/p>\n\n\n\n<p>Confira o Boletim Semanal completo&nbsp;<a href=\"https:\/\/www.documentador.pr.gov.br\/documentador\/pub.do?action=d&amp;uuid=@gtf-escriba-sesa@99825c76-b195-416f-a93e-43a57f1a94a7&amp;emPg=true\" target=\"_blank\" rel=\"noreferrer noopener\">AQUI<\/a>. Mais informa\u00e7\u00f5es sobre a dengue est\u00e3o neste&nbsp;<a href=\"https:\/\/www.dengue.pr.gov.br\/Pagina\/Boletins-da-Dengue\" target=\"_blank\" rel=\"noreferrer noopener\">LINK<\/a>.&nbsp;<\/p>\n","protected":false},"excerpt":{"rendered":"<p>A Secretaria de Estado da Sa\u00fade (Sesa), por meio da Coordenadoria Estadual de Vigil\u00e2ncia Ambiental, publicou nesta ter\u00e7a-feira (08) o novo informe semanal da dengue. Foram registrados mais 264 casos da doen\u00e7a sem nenhum \u00f3bito na \u00faltima semana. Somados os dados do novo per\u00edodo epidemiol\u00f3gico, iniciado em 28 de julho de 2024, o Paran\u00e1 registra [&hellip;]<\/p>\n","protected":false},"author":2,"featured_media":23432,"comment_status":"open","ping_status":"open","sticky":false,"template":"","format":"standard","meta":{"footnotes":""},"categories":[182],"tags":[172],"class_list":["post-28538","post","type-post","status-publish","format-standard","has-post-thumbnail","hentry","category-saude","tag-featured"],"amp_enabled":true,"_links":{"self":[{"href":"https:\/\/radiostudiow.com.br\/site\/wp-json\/wp\/v2\/posts\/28538","targetHints":{"allow":["GET"]}}],"collection":[{"href":"https:\/\/radiostudiow.com.br\/site\/wp-json\/wp\/v2\/posts"}],"about":[{"href":"https:\/\/radiostudiow.com.br\/site\/wp-json\/wp\/v2\/types\/post"}],"author":[{"embeddable":true,"href":"https:\/\/radiostudiow.com.br\/site\/wp-json\/wp\/v2\/users\/2"}],"replies":[{"embeddable":true,"href":"https:\/\/radiostudiow.com.br\/site\/wp-json\/wp\/v2\/comments?post=28538"}],"version-history":[{"count":1,"href":"https:\/\/radiostudiow.com.br\/site\/wp-json\/wp\/v2\/posts\/28538\/revisions"}],"predecessor-version":[{"id":28540,"href":"https:\/\/radiostudiow.com.br\/site\/wp-json\/wp\/v2\/posts\/28538\/revisions\/28540"}],"wp:featuredmedia":[{"embeddable":true,"href":"https:\/\/radiostudiow.com.br\/site\/wp-json\/wp\/v2\/media\/23432"}],"wp:attachment":[{"href":"https:\/\/radiostudiow.com.br\/site\/wp-json\/wp\/v2\/media?parent=28538"}],"wp:term":[{"taxonomy":"category","embeddable":true,"href":"https:\/\/radiostudiow.com.br\/site\/wp-json\/wp\/v2\/categories?post=28538"},{"taxonomy":"post_tag","embeddable":true,"href":"https:\/\/radiostudiow.com.br\/site\/wp-json\/wp\/v2\/tags?post=28538"}],"curies":[{"name":"wp","href":"https:\/\/api.w.org\/{rel}","templated":true}]}}