{"id":28541,"date":"2024-10-09T10:18:36","date_gmt":"2024-10-09T13:18:36","guid":{"rendered":"https:\/\/radiostudiow.com.br\/site\/?p=28541"},"modified":"2025-01-31T14:58:22","modified_gmt":"2025-01-31T17:58:22","slug":"jovem-de-18-anos-e-investigada-por-posse-ilegal-de-arma-de-guerra-encontrada-em-carro-capotado-na-br-277-em-guarapuava","status":"publish","type":"post","link":"https:\/\/radiostudiow.com.br\/site\/2024\/10\/09\/jovem-de-18-anos-e-investigada-por-posse-ilegal-de-arma-de-guerra-encontrada-em-carro-capotado-na-br-277-em-guarapuava\/","title":{"rendered":"Jovem de 18 anos \u00e9 investigada por posse ilegal de arma de guerra encontrada em carro capotado na BR-277 em Guarapuava"},"content":{"rendered":"\n<p>Uma jovem de 18 anos est\u00e1 sendo investigada pela Pol\u00edcia Civil por posse ilegal de arma de fogo ap\u00f3s a Pol\u00edcia Rodovi\u00e1ria Federal (PRF)&nbsp;encontrar uma arma de guerra durante o atendimento a um grave acidente de tr\u00e2nsito&nbsp;na BR-277, em&nbsp;Guarapuava, na regi\u00e3o central do Paran\u00e1.<\/p>\n\n\n\n<p>De acordo com a corpora\u00e7\u00e3o, um fuzil de calibre 7,62 estava dentro de um carro capotado, com numera\u00e7\u00e3o raspada e acompanhado de dez muni\u00e7\u00f5es.<\/p>\n\n\n\n<figure class=\"wp-block-image size-full\"><img loading=\"lazy\" decoding=\"async\" width=\"897\" height=\"204\" src=\"https:\/\/radiostudiow.com.br\/site\/wp-content\/uploads\/2024\/04\/image-19.png\" alt=\"\" class=\"wp-image-21212\" srcset=\"https:\/\/radiostudiow.com.br\/site\/wp-content\/uploads\/2024\/04\/image-19.png 897w, https:\/\/radiostudiow.com.br\/site\/wp-content\/uploads\/2024\/04\/image-19-300x68.png 300w, https:\/\/radiostudiow.com.br\/site\/wp-content\/uploads\/2024\/04\/image-19-768x175.png 768w\" sizes=\"auto, (max-width: 897px) 100vw, 897px\" \/><\/figure>\n\n\n\n<p><em><strong>\u201cO fuzil 7,62 \u00e9 uma arma de uso restrito, por seu grande poder de impacto e perfura\u00e7\u00e3o e pelo seu longo alcance. Este calibre tem capacidade para perfurar coletes bal\u00edsticos comuns, como os utilizados pela maioria dos policiais\u201d,<\/strong> explica a PRF.<\/em><\/p>\n\n\n\n<p>O caso aconteceu no s\u00e1bado (5). Segundo a PRF, o acidente envolveu apenas o ve\u00edculo capotado.<\/p>\n\n\n\n<p>A jovem era passageira do ve\u00edculo. Ela teve ferimentos graves e foi encaminhada ao hospital. O motorista do carro, um homem de 28 anos, morreu no acidente.<\/p>\n\n\n\n<p><em><strong>\u201cA Pol\u00edcia Civil instaurou um inqu\u00e9rito policial a fim de esclarecer a din\u00e2mica do acidente e as circunst\u00e2ncias dos fatos. Ela est\u00e1 sendo investigada por posse ilegal de arma de fogo\u201d<\/strong>, informa a corpora\u00e7\u00e3o.<\/em><\/p>\n\n\n\n<figure class=\"wp-block-image size-full\"><img loading=\"lazy\" decoding=\"async\" width=\"900\" height=\"408\" src=\"https:\/\/radiostudiow.com.br\/site\/wp-content\/uploads\/2024\/09\/image-64-1.png\" alt=\"\" class=\"wp-image-28207\" srcset=\"https:\/\/radiostudiow.com.br\/site\/wp-content\/uploads\/2024\/09\/image-64-1.png 900w, https:\/\/radiostudiow.com.br\/site\/wp-content\/uploads\/2024\/09\/image-64-1-300x136.png 300w, https:\/\/radiostudiow.com.br\/site\/wp-content\/uploads\/2024\/09\/image-64-1-768x348.png 768w\" sizes=\"auto, (max-width: 900px) 100vw, 900px\" \/><\/figure>\n\n\n\n<figure class=\"wp-block-embed is-type-wp-embed is-provider-studio-w wp-block-embed-studio-w\"><div class=\"wp-block-embed__wrapper\">\n<blockquote class=\"wp-embedded-content\" data-secret=\"M2vAVOjFdv\"><a href=\"https:\/\/radiostudiow.com.br\/site\/2024\/10\/07\/prf-aprendeu-fuzil-durante-atendimento-de-capotamento-na-br-277-em-guarapuava-condutor-nao-resistiu-aos-ferimentos\/\">PRF aprendeu fuzil durante atendimento de capotamento na BR-277 em Guarapuava. Condutor n\u00e3o resistiu aos ferimentos<\/a><\/blockquote><iframe loading=\"lazy\" class=\"wp-embedded-content\" sandbox=\"allow-scripts\" security=\"restricted\" style=\"position: absolute; visibility: hidden;\" title=\"&#8220;PRF aprendeu fuzil durante atendimento de capotamento na BR-277 em Guarapuava. Condutor n\u00e3o resistiu aos ferimentos&#8221; &#8212; Studio W\" src=\"https:\/\/radiostudiow.com.br\/site\/2024\/10\/07\/prf-aprendeu-fuzil-durante-atendimento-de-capotamento-na-br-277-em-guarapuava-condutor-nao-resistiu-aos-ferimentos\/embed\/#?secret=m6ia9u1Jsm#?secret=M2vAVOjFdv\" data-secret=\"M2vAVOjFdv\" width=\"600\" height=\"338\" frameborder=\"0\" marginwidth=\"0\" marginheight=\"0\" scrolling=\"no\"><\/iframe>\n<\/div><\/figure>\n","protected":false},"excerpt":{"rendered":"<p>Uma jovem de 18 anos est\u00e1 sendo investigada pela Pol\u00edcia Civil por posse ilegal de arma de fogo ap\u00f3s a Pol\u00edcia Rodovi\u00e1ria Federal (PRF)&nbsp;encontrar uma arma de guerra durante o atendimento a um grave acidente de tr\u00e2nsito&nbsp;na BR-277, em&nbsp;Guarapuava, na regi\u00e3o central do Paran\u00e1. De acordo com a corpora\u00e7\u00e3o, um fuzil de calibre 7,62 estava [&hellip;]<\/p>\n","protected":false},"author":2,"featured_media":28457,"comment_status":"open","ping_status":"open","sticky":false,"template":"","format":"standard","meta":{"footnotes":""},"categories":[2],"tags":[172],"class_list":["post-28541","post","type-post","status-publish","format-standard","has-post-thumbnail","hentry","category-policial","tag-featured"],"amp_enabled":true,"_links":{"self":[{"href":"https:\/\/radiostudiow.com.br\/site\/wp-json\/wp\/v2\/posts\/28541","targetHints":{"allow":["GET"]}}],"collection":[{"href":"https:\/\/radiostudiow.com.br\/site\/wp-json\/wp\/v2\/posts"}],"about":[{"href":"https:\/\/radiostudiow.com.br\/site\/wp-json\/wp\/v2\/types\/post"}],"author":[{"embeddable":true,"href":"https:\/\/radiostudiow.com.br\/site\/wp-json\/wp\/v2\/users\/2"}],"replies":[{"embeddable":true,"href":"https:\/\/radiostudiow.com.br\/site\/wp-json\/wp\/v2\/comments?post=28541"}],"version-history":[{"count":1,"href":"https:\/\/radiostudiow.com.br\/site\/wp-json\/wp\/v2\/posts\/28541\/revisions"}],"predecessor-version":[{"id":28542,"href":"https:\/\/radiostudiow.com.br\/site\/wp-json\/wp\/v2\/posts\/28541\/revisions\/28542"}],"wp:featuredmedia":[{"embeddable":true,"href":"https:\/\/radiostudiow.com.br\/site\/wp-json\/wp\/v2\/media\/28457"}],"wp:attachment":[{"href":"https:\/\/radiostudiow.com.br\/site\/wp-json\/wp\/v2\/media?parent=28541"}],"wp:term":[{"taxonomy":"category","embeddable":true,"href":"https:\/\/radiostudiow.com.br\/site\/wp-json\/wp\/v2\/categories?post=28541"},{"taxonomy":"post_tag","embeddable":true,"href":"https:\/\/radiostudiow.com.br\/site\/wp-json\/wp\/v2\/tags?post=28541"}],"curies":[{"name":"wp","href":"https:\/\/api.w.org\/{rel}","templated":true}]}}