{"id":28551,"date":"2024-10-09T11:03:00","date_gmt":"2024-10-09T14:03:00","guid":{"rendered":"https:\/\/radiostudiow.com.br\/site\/?p=28551"},"modified":"2025-01-31T14:58:22","modified_gmt":"2025-01-31T17:58:22","slug":"defesa-civil-de-mallet-registra-incendio-em-casa-no-bairro-vila-sao-pedro","status":"publish","type":"post","link":"https:\/\/radiostudiow.com.br\/site\/2024\/10\/09\/defesa-civil-de-mallet-registra-incendio-em-casa-no-bairro-vila-sao-pedro\/","title":{"rendered":"Defesa Civil de Mallet registra inc\u00eandio em resid\u00eancia"},"content":{"rendered":"\n<p>Nesta ter\u00e7a-feira, 08 de outubro, a equipe Brigadista Comunit\u00e1ria de Mallet foi acionada para conter inc\u00eandio em uma resid\u00eancia na Rua Rocha Bombo no bairro Vila S\u00e3o Pedro.<\/p>\n\n\n\n<figure class=\"wp-block-image size-full\"><img loading=\"lazy\" decoding=\"async\" width=\"897\" height=\"204\" src=\"https:\/\/radiostudiow.com.br\/site\/wp-content\/uploads\/2024\/04\/image-38.png\" alt=\"\" class=\"wp-image-21308\" srcset=\"https:\/\/radiostudiow.com.br\/site\/wp-content\/uploads\/2024\/04\/image-38.png 897w, https:\/\/radiostudiow.com.br\/site\/wp-content\/uploads\/2024\/04\/image-38-300x68.png 300w, https:\/\/radiostudiow.com.br\/site\/wp-content\/uploads\/2024\/04\/image-38-768x175.png 768w\" sizes=\"auto, (max-width: 897px) 100vw, 897px\" \/><\/figure>\n\n\n\n<p>De acordo com as informa\u00e7\u00f5es repassadas pela Defesa Civil, o inc\u00eandio se iniciou ap\u00f3s vazamento de g\u00e1s na \u00e1rea da cozinha. Pela r\u00e1pida a\u00e7\u00e3o dos brigadista o fogo foi contido causando poucos danos. Felizmente ningu\u00e9m se feriu.<\/p>\n\n\n\n<figure class=\"wp-block-image size-large\"><img loading=\"lazy\" decoding=\"async\" width=\"576\" height=\"1024\" src=\"https:\/\/radiostudiow.com.br\/site\/wp-content\/uploads\/2024\/10\/IMG-20241009-WA0003-576x1024.jpg\" alt=\"\" class=\"wp-image-28552\" srcset=\"https:\/\/radiostudiow.com.br\/site\/wp-content\/uploads\/2024\/10\/IMG-20241009-WA0003-576x1024.jpg 576w, https:\/\/radiostudiow.com.br\/site\/wp-content\/uploads\/2024\/10\/IMG-20241009-WA0003-169x300.jpg 169w, https:\/\/radiostudiow.com.br\/site\/wp-content\/uploads\/2024\/10\/IMG-20241009-WA0003.jpg 720w\" sizes=\"auto, (max-width: 576px) 100vw, 576px\" \/><\/figure>\n\n\n\n<figure class=\"wp-block-image size-large\"><img decoding=\"async\" src=\"https:\/\/radiostudiow.com.br\/site\/wp-content\/uploads\/2024\/10\/IMG-20241009-WA0002-576x1024.jpg\" alt=\"\" class=\"wp-image-28553\"\/><\/figure>\n","protected":false},"excerpt":{"rendered":"<p>Nesta ter\u00e7a-feira, 08 de outubro, a equipe Brigadista Comunit\u00e1ria de Mallet foi acionada para conter inc\u00eandio em uma resid\u00eancia na Rua Rocha Bombo no bairro Vila S\u00e3o Pedro. De acordo com as informa\u00e7\u00f5es repassadas pela Defesa Civil, o inc\u00eandio se iniciou ap\u00f3s vazamento de g\u00e1s na \u00e1rea da cozinha. Pela r\u00e1pida a\u00e7\u00e3o dos brigadista o [&hellip;]<\/p>\n","protected":false},"author":2,"featured_media":0,"comment_status":"open","ping_status":"open","sticky":false,"template":"","format":"standard","meta":{"footnotes":""},"categories":[184],"tags":[172],"class_list":["post-28551","post","type-post","status-publish","format-standard","hentry","category-local","tag-featured"],"amp_enabled":true,"_links":{"self":[{"href":"https:\/\/radiostudiow.com.br\/site\/wp-json\/wp\/v2\/posts\/28551","targetHints":{"allow":["GET"]}}],"collection":[{"href":"https:\/\/radiostudiow.com.br\/site\/wp-json\/wp\/v2\/posts"}],"about":[{"href":"https:\/\/radiostudiow.com.br\/site\/wp-json\/wp\/v2\/types\/post"}],"author":[{"embeddable":true,"href":"https:\/\/radiostudiow.com.br\/site\/wp-json\/wp\/v2\/users\/2"}],"replies":[{"embeddable":true,"href":"https:\/\/radiostudiow.com.br\/site\/wp-json\/wp\/v2\/comments?post=28551"}],"version-history":[{"count":4,"href":"https:\/\/radiostudiow.com.br\/site\/wp-json\/wp\/v2\/posts\/28551\/revisions"}],"predecessor-version":[{"id":28560,"href":"https:\/\/radiostudiow.com.br\/site\/wp-json\/wp\/v2\/posts\/28551\/revisions\/28560"}],"wp:attachment":[{"href":"https:\/\/radiostudiow.com.br\/site\/wp-json\/wp\/v2\/media?parent=28551"}],"wp:term":[{"taxonomy":"category","embeddable":true,"href":"https:\/\/radiostudiow.com.br\/site\/wp-json\/wp\/v2\/categories?post=28551"},{"taxonomy":"post_tag","embeddable":true,"href":"https:\/\/radiostudiow.com.br\/site\/wp-json\/wp\/v2\/tags?post=28551"}],"curies":[{"name":"wp","href":"https:\/\/api.w.org\/{rel}","templated":true}]}}