{"id":28572,"date":"2024-10-09T17:16:53","date_gmt":"2024-10-09T20:16:53","guid":{"rendered":"https:\/\/radiostudiow.com.br\/site\/?p=28572"},"modified":"2025-01-31T14:58:22","modified_gmt":"2025-01-31T17:58:22","slug":"obras-de-recuperacao-da-br-476-entre-sao-mateus-do-sul-e-uniao-tera-valor-estimado-de-r-98-milhoes","status":"publish","type":"post","link":"https:\/\/radiostudiow.com.br\/site\/2024\/10\/09\/obras-de-recuperacao-da-br-476-entre-sao-mateus-do-sul-e-uniao-tera-valor-estimado-de-r-98-milhoes\/","title":{"rendered":"Obras de recupera\u00e7\u00e3o da BR-476, entre S\u00e3o Mateus do Sul e Uni\u00e3o da Vit\u00f3ria, ter\u00e1 valor estimado de R$ 98 milh\u00f5es"},"content":{"rendered":"\n<p>O Governo Federal anunciou a abertura do edital de licita\u00e7\u00e3o para as obras de recupera\u00e7\u00e3o da BR-476, no trecho que liga S\u00e3o Mateus do Sul a Uni\u00e3o da Vit\u00f3ria, no estado do Paran\u00e1. O valor total estimado para as interven\u00e7\u00f5es \u00e9 de\u00a0R$ 98.944.758,38,\u00a0com foco em garantir melhorias na seguran\u00e7a e na qualidade da rodovia.<\/p>\n\n\n\n<figure class=\"wp-block-image size-full\"><img loading=\"lazy\" decoding=\"async\" width=\"897\" height=\"204\" src=\"https:\/\/radiostudiow.com.br\/site\/wp-content\/uploads\/2024\/04\/image-19.png\" alt=\"\" class=\"wp-image-21212\" srcset=\"https:\/\/radiostudiow.com.br\/site\/wp-content\/uploads\/2024\/04\/image-19.png 897w, https:\/\/radiostudiow.com.br\/site\/wp-content\/uploads\/2024\/04\/image-19-300x68.png 300w, https:\/\/radiostudiow.com.br\/site\/wp-content\/uploads\/2024\/04\/image-19-768x175.png 768w\" sizes=\"auto, (max-width: 897px) 100vw, 897px\" \/><\/figure>\n\n\n\n<p>As obras previstas no edital envolvem principalmente a\u00a0manuten\u00e7\u00e3o e conserva\u00e7\u00e3o rodovi\u00e1ria, abrangendo a restaura\u00e7\u00e3o do pavimento das pistas de rolamento e dos acostamentos, al\u00e9m da conserva\u00e7\u00e3o dos elementos constituintes da faixa de dom\u00ednio da rodovia. O segmento rodovi\u00e1rio afetado compreende uma extens\u00e3o de 81 quil\u00f4metros, entre o km 277,90 e o km 358,90, no trecho que inclui S\u00e3o Mateus do Sul e Uni\u00e3o da Vit\u00f3ria.<\/p>\n\n\n\n<p>De acordo com o edital, o prazo para o in\u00edcio das obras \u00e9 de\u00a050 dias ap\u00f3s a assinatura do contrato, mas a data exata de t\u00e9rmino do edital e contrata\u00e7\u00e3o da empresa ainda n\u00e3o foi informada. A obra \u00e9 vista como fundamental para a\u00a0seguran\u00e7a e o conforto dos usu\u00e1rios da rodovia,\u00a0al\u00e9m de contribuir para a preserva\u00e7\u00e3o da faixa de dom\u00ednio e a fluidez do tr\u00e1fego, prolongando a vida \u00fatil da BR-476.<\/p>\n\n\n\n<figure class=\"wp-block-image size-full\"><img loading=\"lazy\" decoding=\"async\" width=\"900\" height=\"408\" src=\"https:\/\/radiostudiow.com.br\/site\/wp-content\/uploads\/2024\/09\/image-64-1.png\" alt=\"\" class=\"wp-image-28207\" srcset=\"https:\/\/radiostudiow.com.br\/site\/wp-content\/uploads\/2024\/09\/image-64-1.png 900w, https:\/\/radiostudiow.com.br\/site\/wp-content\/uploads\/2024\/09\/image-64-1-300x136.png 300w, https:\/\/radiostudiow.com.br\/site\/wp-content\/uploads\/2024\/09\/image-64-1-768x348.png 768w\" sizes=\"auto, (max-width: 900px) 100vw, 900px\" \/><\/figure>\n\n\n\n<p>O edital, que voc\u00ea pode conferir no fim do texto, n\u00e3o prev\u00ea medidas espec\u00edficas para minimizar os poss\u00edveis transtornos no tr\u00e1fego durante a execu\u00e7\u00e3o das obras.<\/p>\n\n\n\n<div data-wp-interactive=\"core\/file\" class=\"wp-block-file\"><object data-wp-bind--hidden=\"!state.hasPdfPreview\" hidden class=\"wp-block-file__embed\" data=\"https:\/\/radiostudiow.com.br\/site\/wp-content\/uploads\/2024\/10\/edital-476.pdf\" type=\"application\/pdf\" style=\"width:100%;height:600px\" aria-label=\"Incorporado de edital-476.\"><\/object><a id=\"wp-block-file--media-740f99be-b7a9-4f8b-b634-a3ec4c9c4810\" href=\"https:\/\/radiostudiow.com.br\/site\/wp-content\/uploads\/2024\/10\/edital-476.pdf\">edital-476<\/a><a href=\"https:\/\/radiostudiow.com.br\/site\/wp-content\/uploads\/2024\/10\/edital-476.pdf\" class=\"wp-block-file__button wp-element-button\" download aria-describedby=\"wp-block-file--media-740f99be-b7a9-4f8b-b634-a3ec4c9c4810\">Baixar<\/a><\/div>\n\n\n\n<p><em>Com informa\u00e7\u00f5es Assessoria Dep. Tadeu Veneri<\/em><\/p>\n","protected":false},"excerpt":{"rendered":"<p>O Governo Federal anunciou a abertura do edital de licita\u00e7\u00e3o para as obras de recupera\u00e7\u00e3o da BR-476, no trecho que liga S\u00e3o Mateus do Sul a Uni\u00e3o da Vit\u00f3ria, no estado do Paran\u00e1. O valor total estimado para as interven\u00e7\u00f5es \u00e9 de\u00a0R$ 98.944.758,38,\u00a0com foco em garantir melhorias na seguran\u00e7a e na qualidade da rodovia. As [&hellip;]<\/p>\n","protected":false},"author":2,"featured_media":28574,"comment_status":"open","ping_status":"open","sticky":false,"template":"","format":"standard","meta":{"footnotes":""},"categories":[185],"tags":[172],"class_list":["post-28572","post","type-post","status-publish","format-standard","has-post-thumbnail","hentry","category-regional","tag-featured"],"amp_enabled":true,"_links":{"self":[{"href":"https:\/\/radiostudiow.com.br\/site\/wp-json\/wp\/v2\/posts\/28572","targetHints":{"allow":["GET"]}}],"collection":[{"href":"https:\/\/radiostudiow.com.br\/site\/wp-json\/wp\/v2\/posts"}],"about":[{"href":"https:\/\/radiostudiow.com.br\/site\/wp-json\/wp\/v2\/types\/post"}],"author":[{"embeddable":true,"href":"https:\/\/radiostudiow.com.br\/site\/wp-json\/wp\/v2\/users\/2"}],"replies":[{"embeddable":true,"href":"https:\/\/radiostudiow.com.br\/site\/wp-json\/wp\/v2\/comments?post=28572"}],"version-history":[{"count":2,"href":"https:\/\/radiostudiow.com.br\/site\/wp-json\/wp\/v2\/posts\/28572\/revisions"}],"predecessor-version":[{"id":28577,"href":"https:\/\/radiostudiow.com.br\/site\/wp-json\/wp\/v2\/posts\/28572\/revisions\/28577"}],"wp:featuredmedia":[{"embeddable":true,"href":"https:\/\/radiostudiow.com.br\/site\/wp-json\/wp\/v2\/media\/28574"}],"wp:attachment":[{"href":"https:\/\/radiostudiow.com.br\/site\/wp-json\/wp\/v2\/media?parent=28572"}],"wp:term":[{"taxonomy":"category","embeddable":true,"href":"https:\/\/radiostudiow.com.br\/site\/wp-json\/wp\/v2\/categories?post=28572"},{"taxonomy":"post_tag","embeddable":true,"href":"https:\/\/radiostudiow.com.br\/site\/wp-json\/wp\/v2\/tags?post=28572"}],"curies":[{"name":"wp","href":"https:\/\/api.w.org\/{rel}","templated":true}]}}