{"id":28578,"date":"2024-10-09T17:57:03","date_gmt":"2024-10-09T20:57:03","guid":{"rendered":"https:\/\/radiostudiow.com.br\/site\/?p=28578"},"modified":"2025-01-31T14:58:22","modified_gmt":"2025-01-31T17:58:22","slug":"acidente-envolvendo-carro-e-bicicleta-e-registrado-em-uniao-da-vitoria","status":"publish","type":"post","link":"https:\/\/radiostudiow.com.br\/site\/2024\/10\/09\/acidente-envolvendo-carro-e-bicicleta-e-registrado-em-uniao-da-vitoria\/","title":{"rendered":"Acidente envolvendo carro e bicicleta \u00e9 registrado em Uni\u00e3o da Vit\u00f3ria"},"content":{"rendered":"\n<p>O Corpo de Bombeiros de Uni\u00e3o da Vit\u00f3ria foi acionado para atender uma ocorr\u00eancia de colis\u00e3o entre um carro e um ciclista na tarde desta quarta-feira (09).<\/p>\n\n\n\n<figure class=\"wp-block-image size-full\"><img loading=\"lazy\" decoding=\"async\" width=\"897\" height=\"204\" src=\"https:\/\/radiostudiow.com.br\/site\/wp-content\/uploads\/2024\/08\/TIJOLAO.png\" alt=\"\" class=\"wp-image-25951\" srcset=\"https:\/\/radiostudiow.com.br\/site\/wp-content\/uploads\/2024\/08\/TIJOLAO.png 897w, https:\/\/radiostudiow.com.br\/site\/wp-content\/uploads\/2024\/08\/TIJOLAO-300x68.png 300w, https:\/\/radiostudiow.com.br\/site\/wp-content\/uploads\/2024\/08\/TIJOLAO-768x175.png 768w\" sizes=\"auto, (max-width: 897px) 100vw, 897px\" \/><\/figure>\n\n\n\n<p>Acidente foi registrado no cruzamento entre a rua Antonio Baby e avenida Wilkys Amazonas Correia, no bairro Nossa Senhora da Salete.<\/p>\n\n\n\n<p>O ciclista foi atendido com ferimentos leves e levado ao hospital para avalia\u00e7\u00e3o m\u00e9dica.<\/p>\n\n\n\n<p><a href=\"https:\/\/static5.vvale.com.br\/wp-content\/uploads\/2024\/10\/WhatsApp-Image-2024-10-09-at-17.09.19-1.jpeg\"><\/a><\/p>\n","protected":false},"excerpt":{"rendered":"<p>O Corpo de Bombeiros de Uni\u00e3o da Vit\u00f3ria foi acionado para atender uma ocorr\u00eancia de colis\u00e3o entre um carro e um ciclista na tarde desta quarta-feira (09). Acidente foi registrado no cruzamento entre a rua Antonio Baby e avenida Wilkys Amazonas Correia, no bairro Nossa Senhora da Salete. O ciclista foi atendido com ferimentos leves [&hellip;]<\/p>\n","protected":false},"author":2,"featured_media":28579,"comment_status":"open","ping_status":"open","sticky":false,"template":"","format":"standard","meta":{"footnotes":""},"categories":[185],"tags":[172],"class_list":["post-28578","post","type-post","status-publish","format-standard","has-post-thumbnail","hentry","category-regional","tag-featured"],"amp_enabled":true,"_links":{"self":[{"href":"https:\/\/radiostudiow.com.br\/site\/wp-json\/wp\/v2\/posts\/28578","targetHints":{"allow":["GET"]}}],"collection":[{"href":"https:\/\/radiostudiow.com.br\/site\/wp-json\/wp\/v2\/posts"}],"about":[{"href":"https:\/\/radiostudiow.com.br\/site\/wp-json\/wp\/v2\/types\/post"}],"author":[{"embeddable":true,"href":"https:\/\/radiostudiow.com.br\/site\/wp-json\/wp\/v2\/users\/2"}],"replies":[{"embeddable":true,"href":"https:\/\/radiostudiow.com.br\/site\/wp-json\/wp\/v2\/comments?post=28578"}],"version-history":[{"count":1,"href":"https:\/\/radiostudiow.com.br\/site\/wp-json\/wp\/v2\/posts\/28578\/revisions"}],"predecessor-version":[{"id":28580,"href":"https:\/\/radiostudiow.com.br\/site\/wp-json\/wp\/v2\/posts\/28578\/revisions\/28580"}],"wp:featuredmedia":[{"embeddable":true,"href":"https:\/\/radiostudiow.com.br\/site\/wp-json\/wp\/v2\/media\/28579"}],"wp:attachment":[{"href":"https:\/\/radiostudiow.com.br\/site\/wp-json\/wp\/v2\/media?parent=28578"}],"wp:term":[{"taxonomy":"category","embeddable":true,"href":"https:\/\/radiostudiow.com.br\/site\/wp-json\/wp\/v2\/categories?post=28578"},{"taxonomy":"post_tag","embeddable":true,"href":"https:\/\/radiostudiow.com.br\/site\/wp-json\/wp\/v2\/tags?post=28578"}],"curies":[{"name":"wp","href":"https:\/\/api.w.org\/{rel}","templated":true}]}}