{"id":28588,"date":"2024-10-09T18:50:52","date_gmt":"2024-10-09T21:50:52","guid":{"rendered":"https:\/\/radiostudiow.com.br\/site\/?p=28588"},"modified":"2025-01-31T14:58:22","modified_gmt":"2025-01-31T17:58:22","slug":"bombeiros-de-sc-relembram-acidente-em-descanso-que-matou-seis-militares","status":"publish","type":"post","link":"https:\/\/radiostudiow.com.br\/site\/2024\/10\/09\/bombeiros-de-sc-relembram-acidente-em-descanso-que-matou-seis-militares\/","title":{"rendered":"Bombeiros de SC relembram acidente em Descanso que matou seis militares"},"content":{"rendered":"\n<p><strong><em>Na noite de 09 de outubro de 2007, bombeiros foram acionados para socorrer v\u00edtimas de um acidente de tr\u00e2nsito, envolvendo um \u00f4nibus com 42 ocupantes e uma carreta, na BR-282.<\/em><\/strong><\/p>\n\n\n\n<p>Os dois ve\u00edculos ca\u00edram em um barranco com cerca de 20 metros.<\/p>\n\n\n\n<figure class=\"wp-block-image size-full\"><img loading=\"lazy\" decoding=\"async\" width=\"900\" height=\"408\" src=\"https:\/\/radiostudiow.com.br\/site\/wp-content\/uploads\/2024\/09\/image-64-1.png\" alt=\"\" class=\"wp-image-28207\" srcset=\"https:\/\/radiostudiow.com.br\/site\/wp-content\/uploads\/2024\/09\/image-64-1.png 900w, https:\/\/radiostudiow.com.br\/site\/wp-content\/uploads\/2024\/09\/image-64-1-300x136.png 300w, https:\/\/radiostudiow.com.br\/site\/wp-content\/uploads\/2024\/09\/image-64-1-768x348.png 768w\" sizes=\"auto, (max-width: 900px) 100vw, 900px\" \/><\/figure>\n\n\n\n<p>Mais tarde, por volta das 21h30, enquanto os Bombeiros Militares, socorristas do SAMU e policiais retiravam as v\u00edtimas do \u00f4nibus, uma carreta carregada com a\u00e7\u00facar ultrapassou a \u00e1rea de sinaliza\u00e7\u00e3o em alta velocidade.&nbsp;O caminh\u00e3o atingiu os ve\u00edculos que estavam parados.<\/p>\n\n\n\n<p>Al\u00e9m deles, uma ambul\u00e2ncia e o caminh\u00e3o de combate a inc\u00eandio, que foram projetados para fora da pista.&nbsp;<strong>A carreta atingiu ainda viaturas de outras institui\u00e7\u00f5es, os socorristas que prestavam atendimento e profissionais da imprensa.<\/strong><\/p>\n\n\n\n<p><strong>O duplo acidente resultou em 27 mortos e mais de 80 feridos<\/strong>. Entre as v\u00edtimas fatais, estavam os militares:<\/p>\n\n\n\n<p>* Cabo BM Leonir Francisco Bagatini<br>* Cabo BM Roberto In\u00e1cio Borgheti<br>* Soldado PM Ilv\u00e2nio Marcos Sehnem<br>* Soldado BM Carlos Roberto Fran\u00e7ozi<br>* Soldado BM Evandro Dalto\u00e9<br>* Bombeiro Comunit\u00e1rio \u00c9lio Moss.<\/p>\n\n\n\n<figure class=\"wp-block-image\" id=\"attachment_550881\"><img decoding=\"async\" src=\"https:\/\/static5.vvale.com.br\/wp-content\/uploads\/2024\/10\/42c7e79945f22b67011413387f42c6d9-720x479.jpg\" alt=\"\" class=\"wp-image-550881\"\/><figcaption class=\"wp-element-caption\">Reprodu\u00e7\u00e3o<\/figcaption><\/figure>\n\n\n\n<p>O acidente em Descanso foi a \u00faltima ocorr\u00eancia daqueles que plenamente honraram o juramento, prestando o socorro \u201cmesmo com o risco da pr\u00f3pria vida\u201d, deixando uma marca permanente em todos que, um dia, conheceram estes her\u00f3is da vida real.<\/p>\n","protected":false},"excerpt":{"rendered":"<p>Na noite de 09 de outubro de 2007, bombeiros foram acionados para socorrer v\u00edtimas de um acidente de tr\u00e2nsito, envolvendo um \u00f4nibus com 42 ocupantes e uma carreta, na BR-282. Os dois ve\u00edculos ca\u00edram em um barranco com cerca de 20 metros. Mais tarde, por volta das 21h30, enquanto os Bombeiros Militares, socorristas do SAMU [&hellip;]<\/p>\n","protected":false},"author":2,"featured_media":28589,"comment_status":"open","ping_status":"open","sticky":false,"template":"","format":"standard","meta":{"footnotes":""},"categories":[185],"tags":[172],"class_list":["post-28588","post","type-post","status-publish","format-standard","has-post-thumbnail","hentry","category-regional","tag-featured"],"amp_enabled":true,"_links":{"self":[{"href":"https:\/\/radiostudiow.com.br\/site\/wp-json\/wp\/v2\/posts\/28588","targetHints":{"allow":["GET"]}}],"collection":[{"href":"https:\/\/radiostudiow.com.br\/site\/wp-json\/wp\/v2\/posts"}],"about":[{"href":"https:\/\/radiostudiow.com.br\/site\/wp-json\/wp\/v2\/types\/post"}],"author":[{"embeddable":true,"href":"https:\/\/radiostudiow.com.br\/site\/wp-json\/wp\/v2\/users\/2"}],"replies":[{"embeddable":true,"href":"https:\/\/radiostudiow.com.br\/site\/wp-json\/wp\/v2\/comments?post=28588"}],"version-history":[{"count":1,"href":"https:\/\/radiostudiow.com.br\/site\/wp-json\/wp\/v2\/posts\/28588\/revisions"}],"predecessor-version":[{"id":28590,"href":"https:\/\/radiostudiow.com.br\/site\/wp-json\/wp\/v2\/posts\/28588\/revisions\/28590"}],"wp:featuredmedia":[{"embeddable":true,"href":"https:\/\/radiostudiow.com.br\/site\/wp-json\/wp\/v2\/media\/28589"}],"wp:attachment":[{"href":"https:\/\/radiostudiow.com.br\/site\/wp-json\/wp\/v2\/media?parent=28588"}],"wp:term":[{"taxonomy":"category","embeddable":true,"href":"https:\/\/radiostudiow.com.br\/site\/wp-json\/wp\/v2\/categories?post=28588"},{"taxonomy":"post_tag","embeddable":true,"href":"https:\/\/radiostudiow.com.br\/site\/wp-json\/wp\/v2\/tags?post=28588"}],"curies":[{"name":"wp","href":"https:\/\/api.w.org\/{rel}","templated":true}]}}