{"id":28661,"date":"2024-10-11T09:32:16","date_gmt":"2024-10-11T12:32:16","guid":{"rendered":"https:\/\/radiostudiow.com.br\/site\/?p=28661"},"modified":"2025-01-31T14:58:21","modified_gmt":"2025-01-31T17:58:21","slug":"operacao-policial-prende-suposta-lideranca-de-trafico-em-sao-mateus-do-sul","status":"publish","type":"post","link":"https:\/\/radiostudiow.com.br\/site\/2024\/10\/11\/operacao-policial-prende-suposta-lideranca-de-trafico-em-sao-mateus-do-sul\/","title":{"rendered":"Opera\u00e7\u00e3o policial prende suposta lideran\u00e7a de tr\u00e1fico em S\u00e3o Mateus do Sul"},"content":{"rendered":"\n<p>A Pol\u00edcia Civil do Paran\u00e1, em colabora\u00e7\u00e3o com a Pol\u00edcia Militar e o N\u00facleo de Opera\u00e7\u00f5es com C\u00e3es da PCPR, desencadeou uma opera\u00e7\u00e3o policial na manh\u00e3 desta quarta-feira, 9, que resultou na&nbsp;pris\u00e3o de uma suposta lideran\u00e7a do tr\u00e1fico de drogas local no munic\u00edpio de S\u00e3o Mateus do Sul.<\/p>\n\n\n\n<figure class=\"wp-block-image size-full\"><img loading=\"lazy\" decoding=\"async\" width=\"900\" height=\"408\" src=\"https:\/\/radiostudiow.com.br\/site\/wp-content\/uploads\/2024\/09\/image-64-1.png\" alt=\"\" class=\"wp-image-28207\" srcset=\"https:\/\/radiostudiow.com.br\/site\/wp-content\/uploads\/2024\/09\/image-64-1.png 900w, https:\/\/radiostudiow.com.br\/site\/wp-content\/uploads\/2024\/09\/image-64-1-300x136.png 300w, https:\/\/radiostudiow.com.br\/site\/wp-content\/uploads\/2024\/09\/image-64-1-768x348.png 768w\" sizes=\"auto, (max-width: 900px) 100vw, 900px\" \/><\/figure>\n\n\n\n<p>O masculino de 23 anos foi preso em sua resid\u00eancia, e junto com ele, foi apreendido cerca de&nbsp;4 mil reais em esp\u00e9cies e telefones celulares.<\/p>\n\n\n\n<p>Durante a a\u00e7\u00e3o, tamb\u00e9m foram apreendidas mais de 300 gramas de entorpecentes, incluindo maconha, crack e coca\u00edna.&nbsp;Al\u00e9m disso, uma mulher de 49 anos foi detida, sendo identificada como respons\u00e1vel pelo controle financeiro do tr\u00e1fico na regi\u00e3o.<\/p>\n\n\n\n<p>A investiga\u00e7\u00e3o que desmantelou o n\u00facleo dessa organiza\u00e7\u00e3o durou cerca de tr\u00eas meses e, durante esse per\u00edodo, outras pessoas investigadas j\u00e1 haviam sido presas pelas for\u00e7as policiais locais.<\/p>\n\n\n\n<p>O Delegado de Pol\u00edcia que comandou a opera\u00e7\u00e3o, Dr. Rafael dos Santos Pereira, comentou sobre a opera\u00e7\u00e3o. <strong>\u201c<em>A a\u00e7\u00e3o de hoje contou com cerca 50 policiais, entre civis e militares, de cinco cidades do munic\u00edpio e evidenciou a import\u00e2ncia da coopera\u00e7\u00e3o entre a PCPR e PMPR atuando juntas no combate \u00e0 criminalidade.\u201d<\/em><\/strong><\/p>\n\n\n\n<figure class=\"wp-block-image size-full\"><img loading=\"lazy\" decoding=\"async\" width=\"598\" height=\"204\" src=\"https:\/\/radiostudiow.com.br\/site\/wp-content\/uploads\/2024\/04\/image-39.png\" alt=\"\" class=\"wp-image-21311\" srcset=\"https:\/\/radiostudiow.com.br\/site\/wp-content\/uploads\/2024\/04\/image-39.png 598w, https:\/\/radiostudiow.com.br\/site\/wp-content\/uploads\/2024\/04\/image-39-300x102.png 300w\" sizes=\"auto, (max-width: 598px) 100vw, 598px\" \/><\/figure>\n\n\n\n<p>Os presos responder\u00e3o pelos delitos de tr\u00e1fico e associa\u00e7\u00e3o para o tr\u00e1fico de drogas, podendo enfrentar penas que, respectivamente, variam de 5 a 15 anos e de 3 a 10 anos de pris\u00e3o, dependendo das circunst\u00e2ncias do caso.<\/p>\n\n\n\n<p>DEN\u00daNCIAS \u2013&nbsp;A PCPR pede o apoio da popula\u00e7\u00e3o para den\u00fancias que auxiliem na investiga\u00e7\u00e3o de delitos de tr\u00e1fico de drogas. As den\u00fancias podem ser feitas de modo an\u00f4nimo pelo WhatsApp (42) 3532-3190 ou pelo Disque Den\u00fancia 181.<\/p>\n","protected":false},"excerpt":{"rendered":"<p>A Pol\u00edcia Civil do Paran\u00e1, em colabora\u00e7\u00e3o com a Pol\u00edcia Militar e o N\u00facleo de Opera\u00e7\u00f5es com C\u00e3es da PCPR, desencadeou uma opera\u00e7\u00e3o policial na manh\u00e3 desta quarta-feira, 9, que resultou na&nbsp;pris\u00e3o de uma suposta lideran\u00e7a do tr\u00e1fico de drogas local no munic\u00edpio de S\u00e3o Mateus do Sul. O masculino de 23 anos foi preso [&hellip;]<\/p>\n","protected":false},"author":2,"featured_media":28674,"comment_status":"open","ping_status":"open","sticky":false,"template":"","format":"standard","meta":{"footnotes":""},"categories":[2],"tags":[172],"class_list":["post-28661","post","type-post","status-publish","format-standard","has-post-thumbnail","hentry","category-policial","tag-featured"],"amp_enabled":true,"_links":{"self":[{"href":"https:\/\/radiostudiow.com.br\/site\/wp-json\/wp\/v2\/posts\/28661","targetHints":{"allow":["GET"]}}],"collection":[{"href":"https:\/\/radiostudiow.com.br\/site\/wp-json\/wp\/v2\/posts"}],"about":[{"href":"https:\/\/radiostudiow.com.br\/site\/wp-json\/wp\/v2\/types\/post"}],"author":[{"embeddable":true,"href":"https:\/\/radiostudiow.com.br\/site\/wp-json\/wp\/v2\/users\/2"}],"replies":[{"embeddable":true,"href":"https:\/\/radiostudiow.com.br\/site\/wp-json\/wp\/v2\/comments?post=28661"}],"version-history":[{"count":2,"href":"https:\/\/radiostudiow.com.br\/site\/wp-json\/wp\/v2\/posts\/28661\/revisions"}],"predecessor-version":[{"id":28675,"href":"https:\/\/radiostudiow.com.br\/site\/wp-json\/wp\/v2\/posts\/28661\/revisions\/28675"}],"wp:featuredmedia":[{"embeddable":true,"href":"https:\/\/radiostudiow.com.br\/site\/wp-json\/wp\/v2\/media\/28674"}],"wp:attachment":[{"href":"https:\/\/radiostudiow.com.br\/site\/wp-json\/wp\/v2\/media?parent=28661"}],"wp:term":[{"taxonomy":"category","embeddable":true,"href":"https:\/\/radiostudiow.com.br\/site\/wp-json\/wp\/v2\/categories?post=28661"},{"taxonomy":"post_tag","embeddable":true,"href":"https:\/\/radiostudiow.com.br\/site\/wp-json\/wp\/v2\/tags?post=28661"}],"curies":[{"name":"wp","href":"https:\/\/api.w.org\/{rel}","templated":true}]}}