{"id":28687,"date":"2024-10-11T10:28:28","date_gmt":"2024-10-11T13:28:28","guid":{"rendered":"https:\/\/radiostudiow.com.br\/site\/?p=28687"},"modified":"2025-01-31T14:58:21","modified_gmt":"2025-01-31T17:58:21","slug":"autor-de-furtos-e-contido-por-populares-e-preso-pela-pm-em-paula-freitas","status":"publish","type":"post","link":"https:\/\/radiostudiow.com.br\/site\/2024\/10\/11\/autor-de-furtos-e-contido-por-populares-e-preso-pela-pm-em-paula-freitas\/","title":{"rendered":"Autor de furtos \u00e9 contido por populares e preso pela PM em Paula Freitas"},"content":{"rendered":"\n<figure class=\"wp-block-image size-full is-resized\"><img loading=\"lazy\" decoding=\"async\" width=\"900\" height=\"408\" src=\"https:\/\/radiostudiow.com.br\/site\/wp-content\/uploads\/2024\/09\/image-64-1.png\" alt=\"\" class=\"wp-image-28207\" style=\"width:554px;height:auto\" srcset=\"https:\/\/radiostudiow.com.br\/site\/wp-content\/uploads\/2024\/09\/image-64-1.png 900w, https:\/\/radiostudiow.com.br\/site\/wp-content\/uploads\/2024\/09\/image-64-1-300x136.png 300w, https:\/\/radiostudiow.com.br\/site\/wp-content\/uploads\/2024\/09\/image-64-1-768x348.png 768w\" sizes=\"auto, (max-width: 900px) 100vw, 900px\" \/><\/figure>\n\n\n\n<p>A equipe da Pol\u00edcia Militar de Paula Freitas foi acionada por volta das 08:24 horas dessa quarta-feira, 09 de outubro, por moradores do bairro Maria An\u00edsia, os quais passaram a relatar uma situa\u00e7\u00e3o de furto.<\/p>\n\n\n\n<p>De acordo com as primeiras informa\u00e7\u00f5es no boletim de ocorr\u00eancia, o autor de crime estava sendo contido por moradores, devido ter sido flagrado por furtar objetos pessoais de um senhor que mora pr\u00f3ximo ao local.<\/p>\n\n\n\n<p>Em seguida, a guarni\u00e7\u00e3o de servi\u00e7o, foi at\u00e9 o lugar do flagrante e localizou o autor contido, ele estava com uma mochila de cor verde.<\/p>\n\n\n\n<figure class=\"wp-block-image size-full\"><img decoding=\"async\" src=\"https:\/\/radiostudiow.com.br\/site\/wp-content\/uploads\/2024\/04\/SITE-MEDIO.png\" alt=\"\" class=\"wp-image-21854\"\/><\/figure>\n\n\n\n<p>Os policiais deram voz de pris\u00e3o, devido ter subtra\u00eddo uma serra circular da marca Boch e uma bicicleta de cor preto, marca Houston, ambos da v\u00edtima.<\/p>\n\n\n\n<p>O autor possui passagens por crimes contra patrim\u00f4nio particular e crimes contra a administra\u00e7\u00e3o p\u00fablica, devido as resist\u00eancias e desobedi\u00eancias. o autor foi conduzido para a delegacia, para as medidas cab\u00edveis.<\/p>\n","protected":false},"excerpt":{"rendered":"<p>A equipe da Pol\u00edcia Militar de Paula Freitas foi acionada por volta das 08:24 horas dessa quarta-feira, 09 de outubro, por moradores do bairro Maria An\u00edsia, os quais passaram a relatar uma situa\u00e7\u00e3o de furto. De acordo com as primeiras informa\u00e7\u00f5es no boletim de ocorr\u00eancia, o autor de crime estava sendo contido por moradores, devido [&hellip;]<\/p>\n","protected":false},"author":2,"featured_media":27154,"comment_status":"open","ping_status":"open","sticky":false,"template":"","format":"standard","meta":{"footnotes":""},"categories":[2],"tags":[172],"class_list":["post-28687","post","type-post","status-publish","format-standard","has-post-thumbnail","hentry","category-policial","tag-featured"],"amp_enabled":true,"_links":{"self":[{"href":"https:\/\/radiostudiow.com.br\/site\/wp-json\/wp\/v2\/posts\/28687","targetHints":{"allow":["GET"]}}],"collection":[{"href":"https:\/\/radiostudiow.com.br\/site\/wp-json\/wp\/v2\/posts"}],"about":[{"href":"https:\/\/radiostudiow.com.br\/site\/wp-json\/wp\/v2\/types\/post"}],"author":[{"embeddable":true,"href":"https:\/\/radiostudiow.com.br\/site\/wp-json\/wp\/v2\/users\/2"}],"replies":[{"embeddable":true,"href":"https:\/\/radiostudiow.com.br\/site\/wp-json\/wp\/v2\/comments?post=28687"}],"version-history":[{"count":1,"href":"https:\/\/radiostudiow.com.br\/site\/wp-json\/wp\/v2\/posts\/28687\/revisions"}],"predecessor-version":[{"id":28689,"href":"https:\/\/radiostudiow.com.br\/site\/wp-json\/wp\/v2\/posts\/28687\/revisions\/28689"}],"wp:featuredmedia":[{"embeddable":true,"href":"https:\/\/radiostudiow.com.br\/site\/wp-json\/wp\/v2\/media\/27154"}],"wp:attachment":[{"href":"https:\/\/radiostudiow.com.br\/site\/wp-json\/wp\/v2\/media?parent=28687"}],"wp:term":[{"taxonomy":"category","embeddable":true,"href":"https:\/\/radiostudiow.com.br\/site\/wp-json\/wp\/v2\/categories?post=28687"},{"taxonomy":"post_tag","embeddable":true,"href":"https:\/\/radiostudiow.com.br\/site\/wp-json\/wp\/v2\/tags?post=28687"}],"curies":[{"name":"wp","href":"https:\/\/api.w.org\/{rel}","templated":true}]}}