{"id":28690,"date":"2024-10-11T10:31:33","date_gmt":"2024-10-11T13:31:33","guid":{"rendered":"https:\/\/radiostudiow.com.br\/site\/?p=28690"},"modified":"2025-01-31T14:58:21","modified_gmt":"2025-01-31T17:58:21","slug":"idoso-e-socorrido-apos-acidente-entre-carro-e-bicicleta","status":"publish","type":"post","link":"https:\/\/radiostudiow.com.br\/site\/2024\/10\/11\/idoso-e-socorrido-apos-acidente-entre-carro-e-bicicleta\/","title":{"rendered":"Idoso \u00e9 socorrido ap\u00f3s acidente entre carro e bicicleta"},"content":{"rendered":"\n<p>Uma equipe de resgate do Corpo de Bombeiros foi acionada para atender um acidente envolvendo um carro e uma bicicleta na Rua Professor Weinand, em Porto Uni\u00e3o por volta das 07 horas Na manh\u00e3 desta quinta-feira (10).<\/p>\n\n\n\n<figure class=\"wp-block-image size-full\"><img loading=\"lazy\" decoding=\"async\" width=\"598\" height=\"204\" src=\"https:\/\/radiostudiow.com.br\/site\/wp-content\/uploads\/2024\/04\/image-23.png\" alt=\"\" class=\"wp-image-21221\" srcset=\"https:\/\/radiostudiow.com.br\/site\/wp-content\/uploads\/2024\/04\/image-23.png 598w, https:\/\/radiostudiow.com.br\/site\/wp-content\/uploads\/2024\/04\/image-23-300x102.png 300w\" sizes=\"auto, (max-width: 598px) 100vw, 598px\" \/><\/figure>\n\n\n\n<p>A v\u00edtima, um homem idoso, estava consciente e orientado. Ele foi encontrado sentado na via p\u00fablica, queixando-se de dores no joelho esquerdo. Ap\u00f3s avalia\u00e7\u00e3o dos socorristas, foi identificado que o idoso apresentava um edema e escoria\u00e7\u00e3o no local. A equipe procedeu com a imobiliza\u00e7\u00e3o da v\u00edtima em uma maca articulada, garantindo sua seguran\u00e7a<\/p>\n\n\n\n<p>O motorista do ve\u00edculo envolvido, que dirigia um Gol prata, prestou os primeiros socorros \u00e0 v\u00edtima. Ele informou que o idoso havia deambulado antes da chegada do socorro.<\/p>\n","protected":false},"excerpt":{"rendered":"<p>Uma equipe de resgate do Corpo de Bombeiros foi acionada para atender um acidente envolvendo um carro e uma bicicleta na Rua Professor Weinand, em Porto Uni\u00e3o por volta das 07 horas Na manh\u00e3 desta quinta-feira (10). A v\u00edtima, um homem idoso, estava consciente e orientado. Ele foi encontrado sentado na via p\u00fablica, queixando-se de [&hellip;]<\/p>\n","protected":false},"author":2,"featured_media":28720,"comment_status":"open","ping_status":"open","sticky":false,"template":"","format":"standard","meta":{"footnotes":""},"categories":[185],"tags":[172],"class_list":["post-28690","post","type-post","status-publish","format-standard","has-post-thumbnail","hentry","category-regional","tag-featured"],"amp_enabled":true,"_links":{"self":[{"href":"https:\/\/radiostudiow.com.br\/site\/wp-json\/wp\/v2\/posts\/28690","targetHints":{"allow":["GET"]}}],"collection":[{"href":"https:\/\/radiostudiow.com.br\/site\/wp-json\/wp\/v2\/posts"}],"about":[{"href":"https:\/\/radiostudiow.com.br\/site\/wp-json\/wp\/v2\/types\/post"}],"author":[{"embeddable":true,"href":"https:\/\/radiostudiow.com.br\/site\/wp-json\/wp\/v2\/users\/2"}],"replies":[{"embeddable":true,"href":"https:\/\/radiostudiow.com.br\/site\/wp-json\/wp\/v2\/comments?post=28690"}],"version-history":[{"count":1,"href":"https:\/\/radiostudiow.com.br\/site\/wp-json\/wp\/v2\/posts\/28690\/revisions"}],"predecessor-version":[{"id":28693,"href":"https:\/\/radiostudiow.com.br\/site\/wp-json\/wp\/v2\/posts\/28690\/revisions\/28693"}],"wp:featuredmedia":[{"embeddable":true,"href":"https:\/\/radiostudiow.com.br\/site\/wp-json\/wp\/v2\/media\/28720"}],"wp:attachment":[{"href":"https:\/\/radiostudiow.com.br\/site\/wp-json\/wp\/v2\/media?parent=28690"}],"wp:term":[{"taxonomy":"category","embeddable":true,"href":"https:\/\/radiostudiow.com.br\/site\/wp-json\/wp\/v2\/categories?post=28690"},{"taxonomy":"post_tag","embeddable":true,"href":"https:\/\/radiostudiow.com.br\/site\/wp-json\/wp\/v2\/tags?post=28690"}],"curies":[{"name":"wp","href":"https:\/\/api.w.org\/{rel}","templated":true}]}}