{"id":28695,"date":"2024-10-11T10:47:51","date_gmt":"2024-10-11T13:47:51","guid":{"rendered":"https:\/\/radiostudiow.com.br\/site\/?p=28695"},"modified":"2025-01-31T14:58:21","modified_gmt":"2025-01-31T17:58:21","slug":"engavetamento-deixa-vitimas-em-estado-grave-e-uma-em-obito-na-br-277em-balsa-nova","status":"publish","type":"post","link":"https:\/\/radiostudiow.com.br\/site\/2024\/10\/11\/engavetamento-deixa-vitimas-em-estado-grave-e-uma-em-obito-na-br-277em-balsa-nova\/","title":{"rendered":"ATUALIZA\u00c7\u00c3O! Engavetamento deixa v\u00edtimas em estado grave e um caminhoneiro de 57 anos perdeu a vida na BR-277em Balsa Nova"},"content":{"rendered":"\n<p>No in\u00edcio da manh\u00e3 desta quinta-feira, 10 de Outubro, aconteceu um engavetamento envolvendo ve\u00edculos e caminh\u00f5es, deixou v\u00e1rias v\u00edtimas feridas, uma em \u00f3bito e bloqueou a BR-277 sentido Ponta Grossa, no munic\u00edpio de Balsa Nova por mais de 8 horas.<\/p>\n\n\n\n<figure class=\"wp-block-image size-full\"><img loading=\"lazy\" decoding=\"async\" width=\"897\" height=\"204\" src=\"https:\/\/radiostudiow.com.br\/site\/wp-content\/uploads\/2024\/04\/image-38.png\" alt=\"\" class=\"wp-image-21308\" srcset=\"https:\/\/radiostudiow.com.br\/site\/wp-content\/uploads\/2024\/04\/image-38.png 897w, https:\/\/radiostudiow.com.br\/site\/wp-content\/uploads\/2024\/04\/image-38-300x68.png 300w, https:\/\/radiostudiow.com.br\/site\/wp-content\/uploads\/2024\/04\/image-38-768x175.png 768w\" sizes=\"auto, (max-width: 897px) 100vw, 897px\" \/><\/figure>\n\n\n\n<p>O acidente aconteceu por volta das 07:20 horas, no Km 143, antigo km 136, em S\u00e3o Luiz do Purun\u00e3, e segundo a Pol\u00edcia Rodovi\u00e1ria Federal (PRF), foi a aproximadamente 2 km depois da Pra\u00e7a de Ped\u00e1gio, deixando a rodovia totalmente parada neste sentido. A colis\u00e3o traseira envolveu quatro autom\u00f3veis e oito caminh\u00f5es, deixando oito pessoas feridas e uma em \u00f3bito.<\/p>\n\n\n\n<p>Equipes da Via Arauc\u00e1ria, com o apoio do Corpo de Bombeiros e SAMU de Campo Largo deslocaram para prestar atendimento aos feridos. Foram atendidas quatro vitimas em estado grave (c\u00f3digo 3) e outras quatro com ferimentos sem gravidade.<\/p>\n\n\n\n<p><strong>Sendo que a v\u00edtima fatal \u00e9 um caminhoneiro conhecido por Albino Bertholini&nbsp;Neto&nbsp;de 57 anos, norte-pioneirense, que conduzia um bitrem, com placas de Santo Ant\u00f4nio da Platina, pertencente \u00e0 Transportadora Platina (Empresa Individual de Responsabilidade Limitada).<\/strong><\/p>\n\n\n\n<figure class=\"wp-block-gallery has-nested-images columns-default is-cropped wp-block-gallery-1 is-layout-flex wp-block-gallery-is-layout-flex\">\n<figure class=\"wp-block-image size-large\"><img loading=\"lazy\" decoding=\"async\" width=\"768\" height=\"1024\" data-id=\"28711\" src=\"https:\/\/radiostudiow.com.br\/site\/wp-content\/uploads\/2024\/10\/0a4e2c04-2621-4bd8-b7ac-e55e99dd9dd4-768x1024.jpeg\" alt=\"\" class=\"wp-image-28711\" srcset=\"https:\/\/radiostudiow.com.br\/site\/wp-content\/uploads\/2024\/10\/0a4e2c04-2621-4bd8-b7ac-e55e99dd9dd4-768x1024.jpeg 768w, https:\/\/radiostudiow.com.br\/site\/wp-content\/uploads\/2024\/10\/0a4e2c04-2621-4bd8-b7ac-e55e99dd9dd4-225x300.jpeg 225w, https:\/\/radiostudiow.com.br\/site\/wp-content\/uploads\/2024\/10\/0a4e2c04-2621-4bd8-b7ac-e55e99dd9dd4.jpeg 1152w\" sizes=\"auto, (max-width: 768px) 100vw, 768px\" \/><\/figure>\n\n\n\n<figure class=\"wp-block-image size-large\"><img loading=\"lazy\" decoding=\"async\" width=\"960\" height=\"722\" data-id=\"28700\" src=\"https:\/\/radiostudiow.com.br\/site\/wp-content\/uploads\/2024\/10\/04-3.jpg\" alt=\"\" class=\"wp-image-28700\" srcset=\"https:\/\/radiostudiow.com.br\/site\/wp-content\/uploads\/2024\/10\/04-3.jpg 960w, https:\/\/radiostudiow.com.br\/site\/wp-content\/uploads\/2024\/10\/04-3-300x226.jpg 300w, https:\/\/radiostudiow.com.br\/site\/wp-content\/uploads\/2024\/10\/04-3-768x578.jpg 768w\" sizes=\"auto, (max-width: 960px) 100vw, 960px\" \/><\/figure>\n\n\n\n<figure class=\"wp-block-image size-large\"><img loading=\"lazy\" decoding=\"async\" width=\"752\" height=\"1024\" data-id=\"28712\" src=\"https:\/\/radiostudiow.com.br\/site\/wp-content\/uploads\/2024\/10\/8b4021ee-5b88-4056-9cf3-f11e7309cd64-752x1024.jpeg\" alt=\"\" class=\"wp-image-28712\" srcset=\"https:\/\/radiostudiow.com.br\/site\/wp-content\/uploads\/2024\/10\/8b4021ee-5b88-4056-9cf3-f11e7309cd64-752x1024.jpeg 752w, https:\/\/radiostudiow.com.br\/site\/wp-content\/uploads\/2024\/10\/8b4021ee-5b88-4056-9cf3-f11e7309cd64-220x300.jpeg 220w, https:\/\/radiostudiow.com.br\/site\/wp-content\/uploads\/2024\/10\/8b4021ee-5b88-4056-9cf3-f11e7309cd64.jpeg 768w\" sizes=\"auto, (max-width: 752px) 100vw, 752px\" \/><\/figure>\n<\/figure>\n\n\n\n<p>Foi constatado que houve um primeiro acidente, sem v\u00edtimas, um pouco \u00e0 frente. Ap\u00f3s isso, os ve\u00edculos pararam na pista, reduziram a velocidade, e um bitrem&nbsp; tamb\u00e9m n\u00e3o conseguiu frear e veio a colidir em outros autom\u00f3veis. O norte-pioneirense \u00e9 quem dirigia o bi-trem.<\/p>\n\n\n\n<p>A divis\u00e3o dos acidentes \u00e9 a seguinte: primeiro engavetamento: quatro caminh\u00f5es, uma caminhonete e um carro; segundo engavetamento: quatro caminh\u00f5es e um autom\u00f3vel; terceiro engavetamento: tr\u00eas carros e dois caminh\u00f5es.<\/p>\n\n\n\n<p>A concession\u00e1ria acredita que os segundo e terceiro engavetamentos foram consequ\u00eancias do primeiro. Em rela\u00e7\u00e3o aos n\u00fameros, a PRF esclareceu: \u201cEsses dados podem variar dependendo da classifica\u00e7\u00e3o t\u00e9cnica de cada institui\u00e7\u00e3o.\u201d<\/p>\n\n\n\n<figure class=\"wp-block-image size-full\"><img loading=\"lazy\" decoding=\"async\" width=\"897\" height=\"204\" src=\"https:\/\/radiostudiow.com.br\/site\/wp-content\/uploads\/2024\/04\/image-51.png\" alt=\"\" class=\"wp-image-21370\" srcset=\"https:\/\/radiostudiow.com.br\/site\/wp-content\/uploads\/2024\/04\/image-51.png 897w, https:\/\/radiostudiow.com.br\/site\/wp-content\/uploads\/2024\/04\/image-51-300x68.png 300w, https:\/\/radiostudiow.com.br\/site\/wp-content\/uploads\/2024\/04\/image-51-768x175.png 768w\" sizes=\"auto, (max-width: 897px) 100vw, 897px\" \/><\/figure>\n\n\n\n<p>A ocorr\u00eancia foi atendida pela PRF, Corpo de Bombeiros, Via Arauc\u00e1ria, Pol\u00edcia Civil e Pol\u00edcia Cient\u00edfica. O&nbsp; congestionamento foi superior a 20 quil\u00f4metros. O tr\u00e1fego na rodovia sentido Norte ficou totalmente interditado at\u00e9 por volta de 15 horas.<\/p>\n\n\n\n<p><strong>Um ano depois do tr\u00e1gico acidente que na ocasi\u00e3o vitmou fatalmente seis pessoas.<\/strong><\/p>\n\n\n\n<p>Em 2 de setembro de 2023, aconteceu no mesmo local, que antes era km 136 e atualmente \u00e9 km 143, um dos maiores engavetamento do Estado do Paran\u00e1, tamb\u00e9m causado pela forte neblina. Na ocasi\u00e3o, o acidente com 84 ve\u00edculos e 94 pessoas com envolvimento direto, sendo 12 feridas entre leves e graves, foram 6 mortos, sendo 5 no local e uma no hospital.<\/p>\n\n\n\n<figure class=\"wp-block-gallery has-nested-images columns-default is-cropped wp-block-gallery-2 is-layout-flex wp-block-gallery-is-layout-flex\">\n<figure class=\"wp-block-image size-large\"><img loading=\"lazy\" decoding=\"async\" width=\"960\" height=\"540\" data-id=\"28699\" src=\"https:\/\/radiostudiow.com.br\/site\/wp-content\/uploads\/2024\/10\/04-1-1.jpg\" alt=\"\" class=\"wp-image-28699\" srcset=\"https:\/\/radiostudiow.com.br\/site\/wp-content\/uploads\/2024\/10\/04-1-1.jpg 960w, https:\/\/radiostudiow.com.br\/site\/wp-content\/uploads\/2024\/10\/04-1-1-300x169.jpg 300w, https:\/\/radiostudiow.com.br\/site\/wp-content\/uploads\/2024\/10\/04-1-1-768x432.jpg 768w\" sizes=\"auto, (max-width: 960px) 100vw, 960px\" \/><\/figure>\n\n\n\n<figure class=\"wp-block-image size-large\"><img loading=\"lazy\" decoding=\"async\" width=\"750\" height=\"371\" data-id=\"28710\" src=\"https:\/\/radiostudiow.com.br\/site\/wp-content\/uploads\/2024\/10\/01faecc0-8f45-43f6-bf67-7951a46b76c3.jpeg\" alt=\"\" class=\"wp-image-28710\" srcset=\"https:\/\/radiostudiow.com.br\/site\/wp-content\/uploads\/2024\/10\/01faecc0-8f45-43f6-bf67-7951a46b76c3.jpeg 750w, https:\/\/radiostudiow.com.br\/site\/wp-content\/uploads\/2024\/10\/01faecc0-8f45-43f6-bf67-7951a46b76c3-300x148.jpeg 300w\" sizes=\"auto, (max-width: 750px) 100vw, 750px\" \/><\/figure>\n\n\n\n<figure class=\"wp-block-image size-large\"><img loading=\"lazy\" decoding=\"async\" width=\"960\" height=\"720\" data-id=\"28698\" src=\"https:\/\/radiostudiow.com.br\/site\/wp-content\/uploads\/2024\/10\/04-2.jpg\" alt=\"\" class=\"wp-image-28698\" srcset=\"https:\/\/radiostudiow.com.br\/site\/wp-content\/uploads\/2024\/10\/04-2.jpg 960w, https:\/\/radiostudiow.com.br\/site\/wp-content\/uploads\/2024\/10\/04-2-300x225.jpg 300w, https:\/\/radiostudiow.com.br\/site\/wp-content\/uploads\/2024\/10\/04-2-768x576.jpg 768w\" sizes=\"auto, (max-width: 960px) 100vw, 960px\" \/><\/figure>\n<\/figure>\n\n\n\n<figure class=\"wp-block-gallery has-nested-images columns-default is-cropped wp-block-gallery-3 is-layout-flex wp-block-gallery-is-layout-flex\">\n<figure class=\"wp-block-image size-large\"><img loading=\"lazy\" decoding=\"async\" width=\"1024\" height=\"1012\" data-id=\"28703\" src=\"https:\/\/radiostudiow.com.br\/site\/wp-content\/uploads\/2024\/10\/04-4-1024x1012.jpg\" alt=\"\" class=\"wp-image-28703\" srcset=\"https:\/\/radiostudiow.com.br\/site\/wp-content\/uploads\/2024\/10\/04-4-1024x1012.jpg 1024w, https:\/\/radiostudiow.com.br\/site\/wp-content\/uploads\/2024\/10\/04-4-300x296.jpg 300w, https:\/\/radiostudiow.com.br\/site\/wp-content\/uploads\/2024\/10\/04-4-768x759.jpg 768w, https:\/\/radiostudiow.com.br\/site\/wp-content\/uploads\/2024\/10\/04-4-80x80.jpg 80w, https:\/\/radiostudiow.com.br\/site\/wp-content\/uploads\/2024\/10\/04-4.jpg 1079w\" sizes=\"auto, (max-width: 1024px) 100vw, 1024px\" \/><\/figure>\n\n\n\n<figure class=\"wp-block-image size-large\"><img loading=\"lazy\" decoding=\"async\" width=\"960\" height=\"720\" data-id=\"28701\" src=\"https:\/\/radiostudiow.com.br\/site\/wp-content\/uploads\/2024\/10\/04-5.jpg\" alt=\"\" class=\"wp-image-28701\" srcset=\"https:\/\/radiostudiow.com.br\/site\/wp-content\/uploads\/2024\/10\/04-5.jpg 960w, https:\/\/radiostudiow.com.br\/site\/wp-content\/uploads\/2024\/10\/04-5-300x225.jpg 300w, https:\/\/radiostudiow.com.br\/site\/wp-content\/uploads\/2024\/10\/04-5-768x576.jpg 768w\" sizes=\"auto, (max-width: 960px) 100vw, 960px\" \/><\/figure>\n\n\n\n<figure class=\"wp-block-image size-large\"><img loading=\"lazy\" decoding=\"async\" width=\"800\" height=\"600\" data-id=\"28702\" src=\"https:\/\/radiostudiow.com.br\/site\/wp-content\/uploads\/2024\/10\/04-6.jpg\" alt=\"\" class=\"wp-image-28702\" srcset=\"https:\/\/radiostudiow.com.br\/site\/wp-content\/uploads\/2024\/10\/04-6.jpg 800w, https:\/\/radiostudiow.com.br\/site\/wp-content\/uploads\/2024\/10\/04-6-300x225.jpg 300w, https:\/\/radiostudiow.com.br\/site\/wp-content\/uploads\/2024\/10\/04-6-768x576.jpg 768w\" sizes=\"auto, (max-width: 800px) 100vw, 800px\" \/><\/figure>\n<\/figure>\n\n\n\n<figure class=\"wp-block-gallery has-nested-images columns-default is-cropped wp-block-gallery-4 is-layout-flex wp-block-gallery-is-layout-flex\">\n<figure class=\"wp-block-image size-large\"><img loading=\"lazy\" decoding=\"async\" width=\"960\" height=\"540\" data-id=\"28705\" src=\"https:\/\/radiostudiow.com.br\/site\/wp-content\/uploads\/2024\/10\/04-8.jpg\" alt=\"\" class=\"wp-image-28705\" srcset=\"https:\/\/radiostudiow.com.br\/site\/wp-content\/uploads\/2024\/10\/04-8.jpg 960w, https:\/\/radiostudiow.com.br\/site\/wp-content\/uploads\/2024\/10\/04-8-300x169.jpg 300w, https:\/\/radiostudiow.com.br\/site\/wp-content\/uploads\/2024\/10\/04-8-768x432.jpg 768w\" sizes=\"auto, (max-width: 960px) 100vw, 960px\" \/><\/figure>\n\n\n\n<figure class=\"wp-block-image size-large\"><img loading=\"lazy\" decoding=\"async\" width=\"960\" height=\"720\" data-id=\"28704\" src=\"https:\/\/radiostudiow.com.br\/site\/wp-content\/uploads\/2024\/10\/04-9.jpg\" alt=\"\" class=\"wp-image-28704\" srcset=\"https:\/\/radiostudiow.com.br\/site\/wp-content\/uploads\/2024\/10\/04-9.jpg 960w, https:\/\/radiostudiow.com.br\/site\/wp-content\/uploads\/2024\/10\/04-9-300x225.jpg 300w, https:\/\/radiostudiow.com.br\/site\/wp-content\/uploads\/2024\/10\/04-9-768x576.jpg 768w\" sizes=\"auto, (max-width: 960px) 100vw, 960px\" \/><\/figure>\n\n\n\n<figure class=\"wp-block-image size-large\"><img loading=\"lazy\" decoding=\"async\" width=\"1024\" height=\"576\" data-id=\"28611\" src=\"https:\/\/radiostudiow.com.br\/site\/wp-content\/uploads\/2024\/10\/462593807_871971478248215_4470306038152063682_n-1024x576.jpg\" alt=\"\" class=\"wp-image-28611\" srcset=\"https:\/\/radiostudiow.com.br\/site\/wp-content\/uploads\/2024\/10\/462593807_871971478248215_4470306038152063682_n-1024x576.jpg 1024w, https:\/\/radiostudiow.com.br\/site\/wp-content\/uploads\/2024\/10\/462593807_871971478248215_4470306038152063682_n-300x169.jpg 300w, https:\/\/radiostudiow.com.br\/site\/wp-content\/uploads\/2024\/10\/462593807_871971478248215_4470306038152063682_n-768x432.jpg 768w, https:\/\/radiostudiow.com.br\/site\/wp-content\/uploads\/2024\/10\/462593807_871971478248215_4470306038152063682_n.jpg 1280w\" sizes=\"auto, (max-width: 1024px) 100vw, 1024px\" \/><\/figure>\n<\/figure>\n\n\n\n<figure class=\"wp-block-embed is-type-wp-embed is-provider-studio-w wp-block-embed-studio-w\"><div class=\"wp-block-embed__wrapper\">\n<blockquote class=\"wp-embedded-content\" data-secret=\"hFuuMGPT73\"><a href=\"https:\/\/radiostudiow.com.br\/site\/2024\/10\/10\/veiculos-engavetam-em-grave-acidente-na-br-277-em-balsa-nova\/\">Engavetamento deixa v\u00edtimas em estado grave e bloqueia BR-277em Balsa Nova<\/a><\/blockquote><iframe loading=\"lazy\" class=\"wp-embedded-content\" sandbox=\"allow-scripts\" security=\"restricted\" style=\"position: absolute; visibility: hidden;\" title=\"&#8220;Engavetamento deixa v\u00edtimas em estado grave e bloqueia BR-277em Balsa Nova&#8221; &#8212; Studio W\" src=\"https:\/\/radiostudiow.com.br\/site\/2024\/10\/10\/veiculos-engavetam-em-grave-acidente-na-br-277-em-balsa-nova\/embed\/#?secret=srqMFY72nT#?secret=hFuuMGPT73\" data-secret=\"hFuuMGPT73\" width=\"600\" height=\"338\" frameborder=\"0\" marginwidth=\"0\" marginheight=\"0\" scrolling=\"no\"><\/iframe>\n<\/div><\/figure>\n\n\n\n<p><strong>Fonte: <a href=\"https:\/\/npdiario.com.br\/\">Npdiario.com.br<\/a><\/strong><\/p>\n","protected":false},"excerpt":{"rendered":"<p>No in\u00edcio da manh\u00e3 desta quinta-feira, 10 de Outubro, aconteceu um engavetamento envolvendo ve\u00edculos e caminh\u00f5es, deixou v\u00e1rias v\u00edtimas feridas, uma em \u00f3bito e bloqueou a BR-277 sentido Ponta Grossa, no munic\u00edpio de Balsa Nova por mais de 8 horas. O acidente aconteceu por volta das 07:20 horas, no Km 143, antigo km 136, em [&hellip;]<\/p>\n","protected":false},"author":2,"featured_media":28710,"comment_status":"open","ping_status":"open","sticky":false,"template":"","format":"standard","meta":{"footnotes":""},"categories":[185],"tags":[172],"class_list":["post-28695","post","type-post","status-publish","format-standard","has-post-thumbnail","hentry","category-regional","tag-featured"],"amp_enabled":true,"_links":{"self":[{"href":"https:\/\/radiostudiow.com.br\/site\/wp-json\/wp\/v2\/posts\/28695","targetHints":{"allow":["GET"]}}],"collection":[{"href":"https:\/\/radiostudiow.com.br\/site\/wp-json\/wp\/v2\/posts"}],"about":[{"href":"https:\/\/radiostudiow.com.br\/site\/wp-json\/wp\/v2\/types\/post"}],"author":[{"embeddable":true,"href":"https:\/\/radiostudiow.com.br\/site\/wp-json\/wp\/v2\/users\/2"}],"replies":[{"embeddable":true,"href":"https:\/\/radiostudiow.com.br\/site\/wp-json\/wp\/v2\/comments?post=28695"}],"version-history":[{"count":5,"href":"https:\/\/radiostudiow.com.br\/site\/wp-json\/wp\/v2\/posts\/28695\/revisions"}],"predecessor-version":[{"id":28717,"href":"https:\/\/radiostudiow.com.br\/site\/wp-json\/wp\/v2\/posts\/28695\/revisions\/28717"}],"wp:featuredmedia":[{"embeddable":true,"href":"https:\/\/radiostudiow.com.br\/site\/wp-json\/wp\/v2\/media\/28710"}],"wp:attachment":[{"href":"https:\/\/radiostudiow.com.br\/site\/wp-json\/wp\/v2\/media?parent=28695"}],"wp:term":[{"taxonomy":"category","embeddable":true,"href":"https:\/\/radiostudiow.com.br\/site\/wp-json\/wp\/v2\/categories?post=28695"},{"taxonomy":"post_tag","embeddable":true,"href":"https:\/\/radiostudiow.com.br\/site\/wp-json\/wp\/v2\/tags?post=28695"}],"curies":[{"name":"wp","href":"https:\/\/api.w.org\/{rel}","templated":true}]}}