{"id":28721,"date":"2024-10-11T16:21:55","date_gmt":"2024-10-11T19:21:55","guid":{"rendered":"https:\/\/radiostudiow.com.br\/site\/?p=28721"},"modified":"2025-01-31T14:58:21","modified_gmt":"2025-01-31T17:58:21","slug":"reboucas-recebe-mais-de-r-28-milhoes-em-obras-de-revitalizacao","status":"publish","type":"post","link":"https:\/\/radiostudiow.com.br\/site\/2024\/10\/11\/reboucas-recebe-mais-de-r-28-milhoes-em-obras-de-revitalizacao\/","title":{"rendered":"Rebou\u00e7as recebe mais de R$ 2,8 milh\u00f5es em obras de revitaliza\u00e7\u00e3o"},"content":{"rendered":"\n<p>Atualmente, o munic\u00edpio de Rebou\u00e7as vem recebendo diversas obras, entre elas est\u00e1 a obra de revitaliza\u00e7\u00e3o da avenida que d\u00e1 acesso ao portal de uma das entradas da cidade, a Avenida Governador Manoel Ribas, que faz liga\u00e7\u00e3o com a Rua Honorado Pinto Ferreira. Com mais de R$ 2,8 milh\u00f5es em investimentos, a obra promove melhorias que incluem a revitaliza\u00e7\u00e3o do pavimento da pista, implanta\u00e7\u00e3o de pista de ciclismo, e mais cal\u00e7adas nas duas laterais da avenida.<\/p>\n\n\n\n<figure class=\"wp-block-image size-full\"><img loading=\"lazy\" decoding=\"async\" width=\"897\" height=\"204\" src=\"https:\/\/radiostudiow.com.br\/site\/wp-content\/uploads\/2024\/08\/TIJOLAO.png\" alt=\"\" class=\"wp-image-25951\" srcset=\"https:\/\/radiostudiow.com.br\/site\/wp-content\/uploads\/2024\/08\/TIJOLAO.png 897w, https:\/\/radiostudiow.com.br\/site\/wp-content\/uploads\/2024\/08\/TIJOLAO-300x68.png 300w, https:\/\/radiostudiow.com.br\/site\/wp-content\/uploads\/2024\/08\/TIJOLAO-768x175.png 768w\" sizes=\"auto, (max-width: 897px) 100vw, 897px\" \/><\/figure>\n\n\n\n<p>O recurso para a execu\u00e7\u00e3o da obra foi viabilizado atrav\u00e9s de recurso federal, por meio do Finiza, pelos deputados Toninho Wandscheer e Aliel Machado.<\/p>\n\n\n\n<p>De acordo com Everaldo Zak, prefeito do munic\u00edpio, a revitaliza\u00e7\u00e3o desta e outras localidades de Rebou\u00e7as fazem parte do programa de infraestrutura urbana desenvolvido para a cidade.<em><strong> \u201c\u00c9 um investimento de R$ 2.880.000,00, que se somado aos R$ 2 milh\u00f5es que foram investidos na revitaliza\u00e7\u00e3o da outra entrada da cidade, chega a quase R$ 5 milh\u00f5es. S\u00e3o investimentos importantes e essa entrada, vindo de Irati para c\u00e1, vai ficar bem bacana\u201d, disse.<\/strong><\/em><\/p>\n\n\n\n<p>Com cerca de 1,5 quil\u00f4metros de revitaliza\u00e7\u00e3o, que fazem liga\u00e7\u00e3o com outros 1,8 quil\u00f4metros j\u00e1 revitalizados, a obra conta com melhorias no pavimento asf\u00e1ltico, onde ser\u00e1 feito a frezagem na maioria dos trechos e a pavimenta\u00e7\u00e3o. Al\u00e9m da implanta\u00e7\u00e3o de pista de ciclismo, a obra conta, tamb\u00e9m, com cal\u00e7adas nas duas laterais da via para passagem de pedestres.<\/p>\n\n\n\n<figure class=\"wp-block-image size-full\"><img loading=\"lazy\" decoding=\"async\" width=\"1024\" height=\"576\" src=\"https:\/\/radiostudiow.com.br\/site\/wp-content\/uploads\/2024\/10\/image-21.png\" alt=\"\" class=\"wp-image-28722\" srcset=\"https:\/\/radiostudiow.com.br\/site\/wp-content\/uploads\/2024\/10\/image-21.png 1024w, https:\/\/radiostudiow.com.br\/site\/wp-content\/uploads\/2024\/10\/image-21-300x169.png 300w, https:\/\/radiostudiow.com.br\/site\/wp-content\/uploads\/2024\/10\/image-21-768x432.png 768w\" sizes=\"auto, (max-width: 1024px) 100vw, 1024px\" \/><figcaption class=\"wp-element-caption\"><em>Avenida faz liga\u00e7\u00e3o com a Rua Honorado Pinto Ferreira \u2013 Foto: Karina Ludvichak<\/em><\/figcaption><\/figure>\n\n\n\n<p>Zak destaca que a primeira mudan\u00e7a gerada pela obra \u00e9 o impacto visual. <strong><em>\u201c\u00c9 importante que a entrada da cidade esteja revitalizada, que esteja bonita. A impress\u00e3o que deixa a quem nos visita, para quem chega em Rebou\u00e7as, agora, \u00e9 outra com essas obras de revitaliza\u00e7\u00e3o que est\u00e3o sendo feitas. Isso impacta o visual da cidade e tamb\u00e9m impacta na qualidade de vida da nossa popula\u00e7\u00e3o urbana, j\u00e1 que n\u00f3s vamos ter pista para ciclismo, pista para caminhada. Sabemos que a caminhada \u00e9 t\u00e3o importante para uma vida saud\u00e1vel. Ent\u00e3o, a nossa popula\u00e7\u00e3o vai ter tamb\u00e9m um espa\u00e7o para lazer, para poder estar fazendo a sua caminhada, para poder ter uma qualidade de vida melhor\u201d.<\/em><\/strong><\/p>\n\n\n\n<p>O prefeito conta, ainda, que al\u00e9m das obras de revitaliza\u00e7\u00e3o, investimentos em outros setores fazem parte da agenda da gest\u00e3o p\u00fablica e, em breve, devem chegar ao munic\u00edpio. <em><strong>\u201cA nossa cidade est\u00e1 ficando com uma infraestrutura boa, e vai ficar melhor ainda com todos esses v\u00e1rios milh\u00f5es de reais que est\u00e3o sendo investidos e que ainda v\u00e3o chegar no munic\u00edpio. A pr\u00f3xima gest\u00e3o que vai assumir vai pegar algumas obras em andamento e algumas j\u00e1 v\u00e3o estar prontas tamb\u00e9m\u201d, finaliza.<\/strong><\/em><\/p>\n","protected":false},"excerpt":{"rendered":"<p>Atualmente, o munic\u00edpio de Rebou\u00e7as vem recebendo diversas obras, entre elas est\u00e1 a obra de revitaliza\u00e7\u00e3o da avenida que d\u00e1 acesso ao portal de uma das entradas da cidade, a Avenida Governador Manoel Ribas, que faz liga\u00e7\u00e3o com a Rua Honorado Pinto Ferreira. Com mais de R$ 2,8 milh\u00f5es em investimentos, a obra promove melhorias [&hellip;]<\/p>\n","protected":false},"author":2,"featured_media":28723,"comment_status":"open","ping_status":"open","sticky":false,"template":"","format":"standard","meta":{"footnotes":""},"categories":[185],"tags":[172],"class_list":["post-28721","post","type-post","status-publish","format-standard","has-post-thumbnail","hentry","category-regional","tag-featured"],"amp_enabled":true,"_links":{"self":[{"href":"https:\/\/radiostudiow.com.br\/site\/wp-json\/wp\/v2\/posts\/28721","targetHints":{"allow":["GET"]}}],"collection":[{"href":"https:\/\/radiostudiow.com.br\/site\/wp-json\/wp\/v2\/posts"}],"about":[{"href":"https:\/\/radiostudiow.com.br\/site\/wp-json\/wp\/v2\/types\/post"}],"author":[{"embeddable":true,"href":"https:\/\/radiostudiow.com.br\/site\/wp-json\/wp\/v2\/users\/2"}],"replies":[{"embeddable":true,"href":"https:\/\/radiostudiow.com.br\/site\/wp-json\/wp\/v2\/comments?post=28721"}],"version-history":[{"count":2,"href":"https:\/\/radiostudiow.com.br\/site\/wp-json\/wp\/v2\/posts\/28721\/revisions"}],"predecessor-version":[{"id":28726,"href":"https:\/\/radiostudiow.com.br\/site\/wp-json\/wp\/v2\/posts\/28721\/revisions\/28726"}],"wp:featuredmedia":[{"embeddable":true,"href":"https:\/\/radiostudiow.com.br\/site\/wp-json\/wp\/v2\/media\/28723"}],"wp:attachment":[{"href":"https:\/\/radiostudiow.com.br\/site\/wp-json\/wp\/v2\/media?parent=28721"}],"wp:term":[{"taxonomy":"category","embeddable":true,"href":"https:\/\/radiostudiow.com.br\/site\/wp-json\/wp\/v2\/categories?post=28721"},{"taxonomy":"post_tag","embeddable":true,"href":"https:\/\/radiostudiow.com.br\/site\/wp-json\/wp\/v2\/tags?post=28721"}],"curies":[{"name":"wp","href":"https:\/\/api.w.org\/{rel}","templated":true}]}}