{"id":28741,"date":"2024-10-11T17:41:41","date_gmt":"2024-10-11T20:41:41","guid":{"rendered":"https:\/\/radiostudiow.com.br\/site\/?p=28741"},"modified":"2025-01-31T14:58:21","modified_gmt":"2025-01-31T17:58:21","slug":"lei-que-pune-feminicidio-com-ate-40-anos-de-reclusao-entra-em-vigor","status":"publish","type":"post","link":"https:\/\/radiostudiow.com.br\/site\/2024\/10\/11\/lei-que-pune-feminicidio-com-ate-40-anos-de-reclusao-entra-em-vigor\/","title":{"rendered":"Lei que pune feminic\u00eddio com at\u00e9 40 anos de reclus\u00e3o entra em vigor"},"content":{"rendered":"\n<p>Entrou em vigor a lei que eleva a 40 anos a pena para o crime de feminic\u00eddio \u2014 o assassinato de mulheres em contexto de viol\u00eancia dom\u00e9stica ou de g\u00eanero. Publicada no\u00a0<em>Di\u00e1rio Oficial da Uni\u00e3o<\/em>\u00a0nesta quinta-feira (10), a\u00a0<a href=\"https:\/\/normas.leg.br\/?urn=urn:lex:br:federal:lei:2024-10-09;14994\" target=\"_blank\" rel=\"noreferrer noopener\">Lei 14.994, de 2024<\/a>\u00a0foi sancionada sem vetos pelo presidente da Rep\u00fablica, Luiz In\u00e1cio Lula da Silva. Com isso, a pena para os condenados pelo crime de feminic\u00eddio passa a ser de 20 a 40 anos de pris\u00e3o, maior do que a incidente sobre o de homic\u00eddio qualificado (12 a 30 anos de reclus\u00e3o)<\/p>\n\n\n\n<p>Conhecida como \u201cPacote Antifeminic\u00eddio\u201d, a lei tamb\u00e9m aumenta as penas para outros crimes, se cometidos em contexto de viol\u00eancia contra a mulher, incluindo les\u00e3o corporal e inj\u00faria, cal\u00fania e difama\u00e7\u00e3o.<\/p>\n\n\n\n<figure class=\"wp-block-image size-full\"><img loading=\"lazy\" decoding=\"async\" width=\"900\" height=\"408\" src=\"https:\/\/radiostudiow.com.br\/site\/wp-content\/uploads\/2024\/09\/image-64-1.png\" alt=\"\" class=\"wp-image-28207\" srcset=\"https:\/\/radiostudiow.com.br\/site\/wp-content\/uploads\/2024\/09\/image-64-1.png 900w, https:\/\/radiostudiow.com.br\/site\/wp-content\/uploads\/2024\/09\/image-64-1-300x136.png 300w, https:\/\/radiostudiow.com.br\/site\/wp-content\/uploads\/2024\/09\/image-64-1-768x348.png 768w\" sizes=\"auto, (max-width: 900px) 100vw, 900px\" \/><\/figure>\n\n\n\n<p>A lei partiu do Projeto de Lei (PL)<a href=\"https:\/\/www25.senado.leg.br\/web\/atividade\/materias\/-\/materia\/159661\" rel=\"noreferrer noopener\" target=\"_blank\">&nbsp;4.266\/2023<\/a>, da senadora Margareth Buzetti (PSD-MT), que foi&nbsp;<a href=\"https:\/\/portalrdx.com.br\/noticias\/materias\/2023\/11\/22\/pacote-antifeminicidio-e-aprovado-na-ccj\" rel=\"noreferrer noopener\" target=\"_blank\">aprovado pela Comiss\u00e3o de Constitui\u00e7\u00e3o e Justi\u00e7a (CCJ)<\/a>&nbsp;em novembro do ano passado. A proposta, que teve relat\u00f3rio favor\u00e1vel do senador Alessandro Vieira (MDB-SE), seguiu direto para a C\u00e2mara, de onde foi remetida \u00e0 san\u00e7\u00e3o presidencial.&nbsp;\u201cO homem decreta [a pena de morte] e executa a mulher\u201d, disse Buzetti, ao defender o endurecimento da lei.&nbsp;J\u00e1 Alessandro Vieira observou que, com o texto, o feminic\u00eddio passaria a ter a maior pena privativa de liberdade da legisla\u00e7\u00e3o brasileira.<\/p>\n\n\n\n<h3 class=\"wp-block-heading\"><strong>Legisla\u00e7\u00e3o alterada<\/strong><\/h3>\n\n\n\n<p>A norma altera o C\u00f3digo Penal (<a href=\"https:\/\/normas.leg.br\/?urn=urn:lex:br:federal:decreto.lei:1940-12-07;2848\" rel=\"noreferrer noopener\" target=\"_blank\">Decreto-Lei 2.848, de 1940<\/a>), a Lei das Contraven\u00e7\u00f5es Penais (<a href=\"https:\/\/normas.leg.br\/?urn=urn:lex:br:federal:decreto.lei:1941-10-03;3688\" rel=\"noreferrer noopener\" target=\"_blank\">Decreto-Lei 3.688, de 1941<\/a>), a Lei de Execu\u00e7\u00e3o Penal (<a href=\"https:\/\/normas.leg.br\/?urn=urn:lex:br:federal:lei:1984-07-11;7210\" rel=\"noreferrer noopener\" target=\"_blank\">Lei 7.210, de 1984<\/a>), a Lei de Crimes Hediondos (<a href=\"https:\/\/normas.leg.br\/?urn=urn:lex:br:federal:lei:1990-07-25;8072\" rel=\"noreferrer noopener\" target=\"_blank\">Lei 8.072, de 1990<\/a>) e a Lei Maria da Penha (<a href=\"https:\/\/normas.leg.br\/?urn=urn:lex:br:federal:lei:2006-08-07;11340\" rel=\"noreferrer noopener\" target=\"_blank\">Lei 11.340, de 2006<\/a>). A nova lei torna o feminic\u00eddio um crime aut\u00f4nomo e estabelece outras medidas para prevenir e coibir a viol\u00eancia contra a mulher.<\/p>\n\n\n\n<p>Pela legisla\u00e7\u00e3o anterior, o feminic\u00eddio era definido como um crime no \u00e2mbito do homic\u00eddio qualificado.&nbsp;J\u00e1 a nova lei torna o feminic\u00eddio um tipo penal independente, com pena maior. Isso torna desnecess\u00e1rio qualific\u00e1-lo para aplicar penas mais rigorosas. Assim, a pena passa de 12 a 30 anos para de 20 a 40 anos de reclus\u00e3o.<\/p>\n\n\n\n<figure class=\"wp-block-image size-large\"><img decoding=\"async\" src=\"https:\/\/radiostudiow.com.br\/site\/wp-content\/uploads\/2024\/10\/zm_0002_24AG_anuncio_261x83mm-1024x359.png\" alt=\"\" class=\"wp-image-28224\"\/><\/figure>\n\n\n\n<h3 class=\"wp-block-heading\"><strong>Agravantes<\/strong><\/h3>\n\n\n\n<p>A&nbsp;Lei 14.994, de 2024, sancionada na quarta, tamb\u00e9m estabelece circunst\u00e2ncias agravantes para o crime de feminic\u00eddio, nas quais&nbsp;a pena ser\u00e1 aumentada de um ter\u00e7o at\u00e9 a metade. S\u00e3o elas:<\/p>\n\n\n\n<ul class=\"wp-block-list\">\n<li>quando o feminic\u00eddio \u00e9 cometido durante a gesta\u00e7\u00e3o, nos tr\u00eas meses posteriores ao parto ou se a v\u00edtima \u00e9 m\u00e3e ou respons\u00e1vel por crian\u00e7a;<\/li>\n\n\n\n<li>quando \u00e9 contra menor de 14 anos, ou maior de 60 anos, ou mulher com defici\u00eancia ou doen\u00e7a degenerativa;<\/li>\n\n\n\n<li>quando \u00e9 cometido na presen\u00e7a de pais ou dos filhos da v\u00edtima;<\/li>\n\n\n\n<li>quando \u00e9 cometido em descumprimento das medidas protetivas de urg\u00eancia previstas na Lei Maria da Penha e<\/li>\n\n\n\n<li>e no caso de emprego de veneno, tortura, emboscada ou arma de uso restrito contra a v\u00edtima.<\/li>\n<\/ul>\n\n\n\n<h3 class=\"wp-block-heading\"><strong>Outros crimes contra a mulher<\/strong><\/h3>\n\n\n\n<p>A nova norma tamb\u00e9m aumenta as penas para os casos de les\u00e3o corporal contra a mulher, para os crimes contra a honra (inj\u00faria, cal\u00fania e difama\u00e7\u00e3o), para o crime de amea\u00e7a e para o de descumprimento de medidas protetivas. Nas sa\u00eddas tempor\u00e1rias \u2014 os chamados \u201csaid\u00f5es\u201d \u2014 da pris\u00e3o, o condenado por crime contra a mulher deve usar tornozeleira eletr\u00f4nica. Ele tamb\u00e9m perde o direito a visitas conjugais.<\/p>\n\n\n\n<h3 class=\"wp-block-heading\"><strong>Perda de poder familiar<\/strong><\/h3>\n\n\n\n<p>De acordo com nova lei, ap\u00f3s proclamada a senten\u00e7a, o agressor perde o poder familiar, da tutela ou da curatela.<\/p>\n\n\n\n<p>Tamb\u00e9m s\u00e3o vedadas a nomea\u00e7\u00e3o, a designa\u00e7\u00e3o ou a diploma\u00e7\u00e3o em qualquer cargo, fun\u00e7\u00e3o p\u00fablica ou mandato eletivo entre o tr\u00e2nsito julgado da condena\u00e7\u00e3o e o efetivo cumprimento da pena.<\/p>\n\n\n\n<figure class=\"wp-block-image size-full\"><img decoding=\"async\" src=\"https:\/\/radiostudiow.com.br\/site\/wp-content\/uploads\/2024\/04\/SITE-MEDIO.png\" alt=\"\" class=\"wp-image-21854\"\/><\/figure>\n\n\n\n<h3 class=\"wp-block-heading\"><strong>Progress\u00e3o da pena<\/strong><\/h3>\n\n\n\n<p>Pela lei, o condenado por esse tipo de crime s\u00f3 poder\u00e1 ter direito a progress\u00e3o de regime ap\u00f3s, no m\u00ednimo, 55% da pena.&nbsp; Atualmente, o percentual \u00e9 de 50%.&nbsp;<\/p>\n\n\n\n<p>O texto prev\u00ea ainda tramita\u00e7\u00e3o priorit\u00e1ria e isen\u00e7\u00e3o de custas, taxas ou despesas em processos que apuram crimes contra a mulher e determina a transfer\u00eancia do preso para um pres\u00eddio distante do local de resid\u00eancia da v\u00edtima, caso ele ameace ou pratique novas viol\u00eancias contra a v\u00edtima ou seus familiares durante o cumprimento da pena.&nbsp;<\/p>\n\n\n\n<h3 class=\"wp-block-heading\"><strong>Agress\u00f5es e mortes<\/strong><\/h3>\n\n\n\n<p>Segundo o 18\u00ba Anu\u00e1rio Brasileiro de Seguran\u00e7a P\u00fablica, 1.467 mulheres morreram v\u00edtimas de feminic\u00eddio em 2023 \u2014 o maior registro desde a san\u00e7\u00e3o da lei que tipifica o crime, em 2015. As agress\u00f5es decorrentes de viol\u00eancia dom\u00e9stica tiveram aumento de 9,8%, e totalizaram 258.941 casos.<\/p>\n\n\n\n<p><em>Fonte: Ag\u00eancia Senado<\/em><\/p>\n","protected":false},"excerpt":{"rendered":"<p>Entrou em vigor a lei que eleva a 40 anos a pena para o crime de feminic\u00eddio \u2014 o assassinato de mulheres em contexto de viol\u00eancia dom\u00e9stica ou de g\u00eanero. Publicada no\u00a0Di\u00e1rio Oficial da Uni\u00e3o\u00a0nesta quinta-feira (10), a\u00a0Lei 14.994, de 2024\u00a0foi sancionada sem vetos pelo presidente da Rep\u00fablica, Luiz In\u00e1cio Lula da Silva. Com isso, [&hellip;]<\/p>\n","protected":false},"author":2,"featured_media":28742,"comment_status":"open","ping_status":"open","sticky":false,"template":"","format":"standard","meta":{"footnotes":""},"categories":[7],"tags":[172],"class_list":["post-28741","post","type-post","status-publish","format-standard","has-post-thumbnail","hentry","category-geral","tag-featured"],"amp_enabled":true,"_links":{"self":[{"href":"https:\/\/radiostudiow.com.br\/site\/wp-json\/wp\/v2\/posts\/28741","targetHints":{"allow":["GET"]}}],"collection":[{"href":"https:\/\/radiostudiow.com.br\/site\/wp-json\/wp\/v2\/posts"}],"about":[{"href":"https:\/\/radiostudiow.com.br\/site\/wp-json\/wp\/v2\/types\/post"}],"author":[{"embeddable":true,"href":"https:\/\/radiostudiow.com.br\/site\/wp-json\/wp\/v2\/users\/2"}],"replies":[{"embeddable":true,"href":"https:\/\/radiostudiow.com.br\/site\/wp-json\/wp\/v2\/comments?post=28741"}],"version-history":[{"count":1,"href":"https:\/\/radiostudiow.com.br\/site\/wp-json\/wp\/v2\/posts\/28741\/revisions"}],"predecessor-version":[{"id":28743,"href":"https:\/\/radiostudiow.com.br\/site\/wp-json\/wp\/v2\/posts\/28741\/revisions\/28743"}],"wp:featuredmedia":[{"embeddable":true,"href":"https:\/\/radiostudiow.com.br\/site\/wp-json\/wp\/v2\/media\/28742"}],"wp:attachment":[{"href":"https:\/\/radiostudiow.com.br\/site\/wp-json\/wp\/v2\/media?parent=28741"}],"wp:term":[{"taxonomy":"category","embeddable":true,"href":"https:\/\/radiostudiow.com.br\/site\/wp-json\/wp\/v2\/categories?post=28741"},{"taxonomy":"post_tag","embeddable":true,"href":"https:\/\/radiostudiow.com.br\/site\/wp-json\/wp\/v2\/tags?post=28741"}],"curies":[{"name":"wp","href":"https:\/\/api.w.org\/{rel}","templated":true}]}}