{"id":28756,"date":"2024-10-14T09:43:57","date_gmt":"2024-10-14T12:43:57","guid":{"rendered":"https:\/\/radiostudiow.com.br\/site\/?p=28756"},"modified":"2025-01-31T14:58:21","modified_gmt":"2025-01-31T17:58:21","slug":"sao-mateuense-com-mandado-de-prisao-em-aberto-e-preso-em-paulo-frontin","status":"publish","type":"post","link":"https:\/\/radiostudiow.com.br\/site\/2024\/10\/14\/sao-mateuense-com-mandado-de-prisao-em-aberto-e-preso-em-paulo-frontin\/","title":{"rendered":"S\u00e3o-mateuense com mandado de pris\u00e3o em aberto \u00e9 preso em Paulo Frontin"},"content":{"rendered":"\n<p>Na manh\u00e3 desta sexta-feira (11), as equipes da Pol\u00edcia Militar cumpriram um mandado de pris\u00e3o em uma \u00e1rea rural de Paulo Frontin, na Estrada Vicinal 8.<\/p>\n\n\n\n<figure class=\"wp-block-image size-full\"><img loading=\"lazy\" decoding=\"async\" width=\"900\" height=\"408\" src=\"https:\/\/radiostudiow.com.br\/site\/wp-content\/uploads\/2024\/09\/image-64-1.png\" alt=\"\" class=\"wp-image-28207\" srcset=\"https:\/\/radiostudiow.com.br\/site\/wp-content\/uploads\/2024\/09\/image-64-1.png 900w, https:\/\/radiostudiow.com.br\/site\/wp-content\/uploads\/2024\/09\/image-64-1-300x136.png 300w, https:\/\/radiostudiow.com.br\/site\/wp-content\/uploads\/2024\/09\/image-64-1-768x348.png 768w\" sizes=\"auto, (max-width: 900px) 100vw, 900px\" \/><\/figure>\n\n\n\n<p>Segundo informa\u00e7\u00f5es obtidas pelo Portal Clic Sul News, o homem conhecido foi detido por les\u00e3o corporal, posse e porte irregular de arma de fogo de uso restrito, resist\u00eancia \u00e0 pris\u00e3o e por dirigir sob efeito de \u00e1lcool. O homem estava envolvido em uma briga ocorrida em 21 de abril deste ano, durante uma festa na regi\u00e3o da \u00c1gua Branca, em S\u00e3o Mateus do Sul.<\/p>\n\n\n\n<p>Na ocasi\u00e3o, a v\u00edtima, outro homem, foi gravemente ferido e precisou ser levado ao Pronto Atendimento ap\u00f3s as agress\u00f5es. Ap\u00f3s a briga, o homem fugiu do local em uma caminhonete carregada com pneus, que foi interceptada na entrada de S\u00e3o Mateus do Sul. Ele abandonou o ve\u00edculo e continuou a fuga a p\u00e9.<\/p>\n\n\n\n<figure class=\"wp-block-image size-full\"><img loading=\"lazy\" decoding=\"async\" width=\"897\" height=\"204\" src=\"https:\/\/radiostudiow.com.br\/site\/wp-content\/uploads\/2024\/08\/TIJOLAO.png\" alt=\"\" class=\"wp-image-25951\" srcset=\"https:\/\/radiostudiow.com.br\/site\/wp-content\/uploads\/2024\/08\/TIJOLAO.png 897w, https:\/\/radiostudiow.com.br\/site\/wp-content\/uploads\/2024\/08\/TIJOLAO-300x68.png 300w, https:\/\/radiostudiow.com.br\/site\/wp-content\/uploads\/2024\/08\/TIJOLAO-768x175.png 768w\" sizes=\"auto, (max-width: 897px) 100vw, 897px\" \/><\/figure>\n\n\n\n<p>Ao tomar conhecimento do mandado de pris\u00e3o, as equipes da Pol\u00edcia se dirigiram at\u00e9 uma resid\u00eancia em Paulo Frontin, onde efetuaram a pris\u00e3o. Ele foi encaminhado para a Delegacia de Uni\u00e3o da Vit\u00f3ria.<\/p>\n\n\n\n<p>A opera\u00e7\u00e3o contou com a participa\u00e7\u00e3o do Setor de Intelig\u00eancia, da Patrulha Rural e das equipes locais de Paulo Frontin e Mallet.<\/p>\n","protected":false},"excerpt":{"rendered":"<p>Na manh\u00e3 desta sexta-feira (11), as equipes da Pol\u00edcia Militar cumpriram um mandado de pris\u00e3o em uma \u00e1rea rural de Paulo Frontin, na Estrada Vicinal 8. Segundo informa\u00e7\u00f5es obtidas pelo Portal Clic Sul News, o homem conhecido foi detido por les\u00e3o corporal, posse e porte irregular de arma de fogo de uso restrito, resist\u00eancia \u00e0 [&hellip;]<\/p>\n","protected":false},"author":2,"featured_media":24732,"comment_status":"open","ping_status":"open","sticky":false,"template":"","format":"standard","meta":{"footnotes":""},"categories":[2],"tags":[172],"class_list":["post-28756","post","type-post","status-publish","format-standard","has-post-thumbnail","hentry","category-policial","tag-featured"],"amp_enabled":true,"_links":{"self":[{"href":"https:\/\/radiostudiow.com.br\/site\/wp-json\/wp\/v2\/posts\/28756","targetHints":{"allow":["GET"]}}],"collection":[{"href":"https:\/\/radiostudiow.com.br\/site\/wp-json\/wp\/v2\/posts"}],"about":[{"href":"https:\/\/radiostudiow.com.br\/site\/wp-json\/wp\/v2\/types\/post"}],"author":[{"embeddable":true,"href":"https:\/\/radiostudiow.com.br\/site\/wp-json\/wp\/v2\/users\/2"}],"replies":[{"embeddable":true,"href":"https:\/\/radiostudiow.com.br\/site\/wp-json\/wp\/v2\/comments?post=28756"}],"version-history":[{"count":1,"href":"https:\/\/radiostudiow.com.br\/site\/wp-json\/wp\/v2\/posts\/28756\/revisions"}],"predecessor-version":[{"id":28758,"href":"https:\/\/radiostudiow.com.br\/site\/wp-json\/wp\/v2\/posts\/28756\/revisions\/28758"}],"wp:featuredmedia":[{"embeddable":true,"href":"https:\/\/radiostudiow.com.br\/site\/wp-json\/wp\/v2\/media\/24732"}],"wp:attachment":[{"href":"https:\/\/radiostudiow.com.br\/site\/wp-json\/wp\/v2\/media?parent=28756"}],"wp:term":[{"taxonomy":"category","embeddable":true,"href":"https:\/\/radiostudiow.com.br\/site\/wp-json\/wp\/v2\/categories?post=28756"},{"taxonomy":"post_tag","embeddable":true,"href":"https:\/\/radiostudiow.com.br\/site\/wp-json\/wp\/v2\/tags?post=28756"}],"curies":[{"name":"wp","href":"https:\/\/api.w.org\/{rel}","templated":true}]}}