{"id":28764,"date":"2024-10-14T10:05:35","date_gmt":"2024-10-14T13:05:35","guid":{"rendered":"https:\/\/radiostudiow.com.br\/site\/?p=28764"},"modified":"2025-01-31T14:58:21","modified_gmt":"2025-01-31T17:58:21","slug":"educacao-anuncia-mais-1-100-vagas-para-professores-aprovados-em-concurso-publico","status":"publish","type":"post","link":"https:\/\/radiostudiow.com.br\/site\/2024\/10\/14\/educacao-anuncia-mais-1-100-vagas-para-professores-aprovados-em-concurso-publico\/","title":{"rendered":"Educa\u00e7\u00e3o anuncia mais 1.100 vagas para professores aprovados em concurso p\u00fablico"},"content":{"rendered":"\n<p>O Governo do Estado, por meio da Secretaria da Educa\u00e7\u00e3o (Seed-PR), publicou na sexta-feira (11) o&nbsp;<strong><a href=\"https:\/\/anexos.cdn.selecao.net.br\/uploads\/747\/concursos\/421\/anexos\/1EnZtXqhckebtq7hudzTOyyOVO8pdrSWDVMqnmt1.pdf\" target=\"_blank\" rel=\"noreferrer noopener\">edital N\u00ba 0187\/2024<\/a><\/strong>&nbsp;referente \u00e0 amplia\u00e7\u00e3o em mais 1.100 vagas do concurso p\u00fablico para o provimento do cargo de professor e pedagogo da rede estadual de ensino do Paran\u00e1. Eles foram aprovados no concurso realizado em junho de 2023 e se somam aos 2.301 j\u00e1 nomeados ao longo do ano, chegando agora, com o novo chamamento, a 3.401 profissionais convocados por meio do certame.<\/p>\n\n\n\n<figure class=\"wp-block-image size-full\"><img loading=\"lazy\" decoding=\"async\" width=\"598\" height=\"204\" src=\"https:\/\/radiostudiow.com.br\/site\/wp-content\/uploads\/2024\/04\/image-29.png\" alt=\"\" class=\"wp-image-21283\" srcset=\"https:\/\/radiostudiow.com.br\/site\/wp-content\/uploads\/2024\/04\/image-29.png 598w, https:\/\/radiostudiow.com.br\/site\/wp-content\/uploads\/2024\/04\/image-29-300x102.png 300w\" sizes=\"auto, (max-width: 598px) 100vw, 598px\" \/><\/figure>\n\n\n\n<p>Neste chamamento, as vagas foram distribu\u00eddas entre os seguintes munic\u00edpios: Apucarana, os que integram a \u00c1rea Metropolitana Norte e a \u00c1rea Metropolitana Sul (ambas da regi\u00e3o de Curitiba), Assis Chateaubriand, Campo Mour\u00e3o, Cascavel, Cianorte, Curitiba, Dois Vizinhos, Foz do Igua\u00e7u, Francisco Beltr\u00e3o, Goioer\u00ea, Guarapuava, Ibaiti, <strong>Irati<\/strong>, Ivaipor\u00e3, Jacarezinho, Laranjeiras do Sul, Loanda, Londrina, Maring\u00e1, Paranagu\u00e1, Paranava\u00ed, Pato Branco, Pitanga, Ponta Grossa, Tel\u00eamaco Borba, Toledo, Umuarama, <strong>Uni\u00e3o da Vit\u00f3ria<\/strong> e Wenceslau Braz.<\/p>\n\n\n\n<p>As vagas abrangem os componentes de Arte, Biologia, Ci\u00eancias, Educa\u00e7\u00e3o F\u00edsica, Filosofia, F\u00edsica, Geografia, Hist\u00f3ria, Matem\u00e1tica, L\u00edngua Inglesa, L\u00edngua Portuguesa, Sociologia e Qu\u00edmica, para carga hor\u00e1ria de 20 horas. Entretanto, candidatos aprovados em dois cargos \u2013 sejam os dois em doc\u00eancia ou um para professor docente e outro para professor pedagogo \u2013 poder\u00e3o exercer carga hor\u00e1ria de 40 horas semanais.<\/p>\n\n\n\n<p>Para consultar o n\u00famero de vagas por componente curricular e munic\u00edpio clique&nbsp;<strong><a href=\"https:\/\/www.aen.pr.gov.br\/sites\/default\/arquivos_restritos\/files\/documento\/2024-10\/1110convocadosmunicipios.pdf\" target=\"_blank\" rel=\"noreferrer noopener\">AQUI<\/a><\/strong>.&nbsp;<\/p>\n\n\n\n<figure class=\"wp-block-image size-full\"><img loading=\"lazy\" decoding=\"async\" width=\"897\" height=\"204\" src=\"https:\/\/radiostudiow.com.br\/site\/wp-content\/uploads\/2024\/04\/image-51.png\" alt=\"\" class=\"wp-image-21370\" srcset=\"https:\/\/radiostudiow.com.br\/site\/wp-content\/uploads\/2024\/04\/image-51.png 897w, https:\/\/radiostudiow.com.br\/site\/wp-content\/uploads\/2024\/04\/image-51-300x68.png 300w, https:\/\/radiostudiow.com.br\/site\/wp-content\/uploads\/2024\/04\/image-51-768x175.png 768w\" sizes=\"auto, (max-width: 897px) 100vw, 897px\" \/><\/figure>\n\n\n\n<p>A listagem com os nomes dos profissionais a serem chamados deve ser divulgada dentro dos pr\u00f3ximos dias, no site do&nbsp;<strong><a href=\"https:\/\/concursos.ibfc.org.br\/informacoes\/421\/\" target=\"_blank\" rel=\"noreferrer noopener\">Instituto Brasileiro de Forma\u00e7\u00e3o e Capacita\u00e7\u00e3o (IBFC)<\/a><\/strong>, respons\u00e1vel pela organiza\u00e7\u00e3o do concurso).<\/p>\n\n\n\n<p><em><strong>\u201cAs novas convoca\u00e7\u00f5es representam importante avan\u00e7o para a educa\u00e7\u00e3o p\u00fablica paranaense, ao ampliar a equipe de docentes em \u00e1reas estrat\u00e9gicas e essenciais para o desenvolvimento dos alunos da rede estadual\u201d, afirma o secret\u00e1rio estadual da Educa\u00e7\u00e3o, Roni Miranda. <\/strong><\/em>O \u00faltimo concurso voltado \u00e0 contrata\u00e7\u00e3o de novos professores havia acontecido h\u00e1 uma d\u00e9cada, em 2013.<\/p>\n","protected":false},"excerpt":{"rendered":"<p>O Governo do Estado, por meio da Secretaria da Educa\u00e7\u00e3o (Seed-PR), publicou na sexta-feira (11) o&nbsp;edital N\u00ba 0187\/2024&nbsp;referente \u00e0 amplia\u00e7\u00e3o em mais 1.100 vagas do concurso p\u00fablico para o provimento do cargo de professor e pedagogo da rede estadual de ensino do Paran\u00e1. Eles foram aprovados no concurso realizado em junho de 2023 e se [&hellip;]<\/p>\n","protected":false},"author":2,"featured_media":28765,"comment_status":"open","ping_status":"open","sticky":false,"template":"","format":"standard","meta":{"footnotes":""},"categories":[7],"tags":[172],"class_list":["post-28764","post","type-post","status-publish","format-standard","has-post-thumbnail","hentry","category-geral","tag-featured"],"amp_enabled":true,"_links":{"self":[{"href":"https:\/\/radiostudiow.com.br\/site\/wp-json\/wp\/v2\/posts\/28764","targetHints":{"allow":["GET"]}}],"collection":[{"href":"https:\/\/radiostudiow.com.br\/site\/wp-json\/wp\/v2\/posts"}],"about":[{"href":"https:\/\/radiostudiow.com.br\/site\/wp-json\/wp\/v2\/types\/post"}],"author":[{"embeddable":true,"href":"https:\/\/radiostudiow.com.br\/site\/wp-json\/wp\/v2\/users\/2"}],"replies":[{"embeddable":true,"href":"https:\/\/radiostudiow.com.br\/site\/wp-json\/wp\/v2\/comments?post=28764"}],"version-history":[{"count":2,"href":"https:\/\/radiostudiow.com.br\/site\/wp-json\/wp\/v2\/posts\/28764\/revisions"}],"predecessor-version":[{"id":28768,"href":"https:\/\/radiostudiow.com.br\/site\/wp-json\/wp\/v2\/posts\/28764\/revisions\/28768"}],"wp:featuredmedia":[{"embeddable":true,"href":"https:\/\/radiostudiow.com.br\/site\/wp-json\/wp\/v2\/media\/28765"}],"wp:attachment":[{"href":"https:\/\/radiostudiow.com.br\/site\/wp-json\/wp\/v2\/media?parent=28764"}],"wp:term":[{"taxonomy":"category","embeddable":true,"href":"https:\/\/radiostudiow.com.br\/site\/wp-json\/wp\/v2\/categories?post=28764"},{"taxonomy":"post_tag","embeddable":true,"href":"https:\/\/radiostudiow.com.br\/site\/wp-json\/wp\/v2\/tags?post=28764"}],"curies":[{"name":"wp","href":"https:\/\/api.w.org\/{rel}","templated":true}]}}