{"id":28769,"date":"2024-10-14T10:09:28","date_gmt":"2024-10-14T13:09:28","guid":{"rendered":"https:\/\/radiostudiow.com.br\/site\/?p=28769"},"modified":"2025-01-31T14:58:21","modified_gmt":"2025-01-31T17:58:21","slug":"morre-washington-olivetto-icone-da-publicidade-brasileira-aos-73-anos","status":"publish","type":"post","link":"https:\/\/radiostudiow.com.br\/site\/2024\/10\/14\/morre-washington-olivetto-icone-da-publicidade-brasileira-aos-73-anos\/","title":{"rendered":"Morre Washington Olivetto, \u00edcone da publicidade brasileira, aos 73 anos"},"content":{"rendered":"\n<p>O publicit\u00e1rio Washington Olivetto, considerado o maior e mais premiado do Brasil, faleceu na tarde de hoje no Rio de Janeiro, aos 73 anos. A causa da morte foram complica\u00e7\u00f5es decorrentes de uma cirurgia de pulm\u00e3o realizada em S\u00e3o Paulo. Ap\u00f3s a opera\u00e7\u00e3o, Olivetto viajou para o Rio, mas seu quadro se agravou e ele estava internado h\u00e1 quatro meses no Hospital Copa Star.<\/p>\n\n\n\n<figure class=\"wp-block-image size-full\"><img loading=\"lazy\" decoding=\"async\" width=\"900\" height=\"408\" src=\"https:\/\/radiostudiow.com.br\/site\/wp-content\/uploads\/2024\/09\/image-64-1.png\" alt=\"\" class=\"wp-image-28207\" srcset=\"https:\/\/radiostudiow.com.br\/site\/wp-content\/uploads\/2024\/09\/image-64-1.png 900w, https:\/\/radiostudiow.com.br\/site\/wp-content\/uploads\/2024\/09\/image-64-1-300x136.png 300w, https:\/\/radiostudiow.com.br\/site\/wp-content\/uploads\/2024\/09\/image-64-1-768x348.png 768w\" sizes=\"auto, (max-width: 900px) 100vw, 900px\" \/><\/figure>\n\n\n\n<p>Olivetto deixa um legado inestim\u00e1vel na publicidade, sendo vencedor de mais de 50 Le\u00f5es no Festival de Publicidade de Cannes. Entre suas cria\u00e7\u00f5es mais ic\u00f4nicas est\u00e3o as campanhas da Bombril, com o famoso \u201cgaroto Bombril\u201d, e o \u201cprimeiro suti\u00e3\u201d da Valis\u00e8re. Nos anos 1980, ele fundou a ag\u00eancia WBrasil e, nos \u00faltimos tr\u00eas anos, tamb\u00e9m escreveu uma coluna para O GLOBO.<\/p>\n\n\n\n<p>Al\u00e9m de sua carreira na publicidade, Olivetto era um grande amante do futebol e atuou como vice-presidente do Corinthians nos anos 1980, sendo um dos criadores do movimento Democracia Corintiana. Em 2001, ele passou por um traum\u00e1tico sequestro em S\u00e3o Paulo, permanecendo 53 dias em cativeiro antes de ser resgatado.<\/p>\n\n\n\n<p>O setor publicit\u00e1rio e a sociedade brasileira lamentam a perda de um verdadeiro mestre da comunica\u00e7\u00e3o.<\/p>\n","protected":false},"excerpt":{"rendered":"<p>O publicit\u00e1rio Washington Olivetto, considerado o maior e mais premiado do Brasil, faleceu na tarde de hoje no Rio de Janeiro, aos 73 anos. A causa da morte foram complica\u00e7\u00f5es decorrentes de uma cirurgia de pulm\u00e3o realizada em S\u00e3o Paulo. Ap\u00f3s a opera\u00e7\u00e3o, Olivetto viajou para o Rio, mas seu quadro se agravou e ele [&hellip;]<\/p>\n","protected":false},"author":2,"featured_media":28770,"comment_status":"open","ping_status":"open","sticky":false,"template":"","format":"standard","meta":{"footnotes":""},"categories":[7],"tags":[172],"class_list":["post-28769","post","type-post","status-publish","format-standard","has-post-thumbnail","hentry","category-geral","tag-featured"],"amp_enabled":true,"_links":{"self":[{"href":"https:\/\/radiostudiow.com.br\/site\/wp-json\/wp\/v2\/posts\/28769","targetHints":{"allow":["GET"]}}],"collection":[{"href":"https:\/\/radiostudiow.com.br\/site\/wp-json\/wp\/v2\/posts"}],"about":[{"href":"https:\/\/radiostudiow.com.br\/site\/wp-json\/wp\/v2\/types\/post"}],"author":[{"embeddable":true,"href":"https:\/\/radiostudiow.com.br\/site\/wp-json\/wp\/v2\/users\/2"}],"replies":[{"embeddable":true,"href":"https:\/\/radiostudiow.com.br\/site\/wp-json\/wp\/v2\/comments?post=28769"}],"version-history":[{"count":1,"href":"https:\/\/radiostudiow.com.br\/site\/wp-json\/wp\/v2\/posts\/28769\/revisions"}],"predecessor-version":[{"id":28771,"href":"https:\/\/radiostudiow.com.br\/site\/wp-json\/wp\/v2\/posts\/28769\/revisions\/28771"}],"wp:featuredmedia":[{"embeddable":true,"href":"https:\/\/radiostudiow.com.br\/site\/wp-json\/wp\/v2\/media\/28770"}],"wp:attachment":[{"href":"https:\/\/radiostudiow.com.br\/site\/wp-json\/wp\/v2\/media?parent=28769"}],"wp:term":[{"taxonomy":"category","embeddable":true,"href":"https:\/\/radiostudiow.com.br\/site\/wp-json\/wp\/v2\/categories?post=28769"},{"taxonomy":"post_tag","embeddable":true,"href":"https:\/\/radiostudiow.com.br\/site\/wp-json\/wp\/v2\/tags?post=28769"}],"curies":[{"name":"wp","href":"https:\/\/api.w.org\/{rel}","templated":true}]}}