{"id":28775,"date":"2024-10-14T10:16:53","date_gmt":"2024-10-14T13:16:53","guid":{"rendered":"https:\/\/radiostudiow.com.br\/site\/?p=28775"},"modified":"2025-01-31T14:58:21","modified_gmt":"2025-01-31T17:58:21","slug":"morte-por-afogamento-em-matos-costa-vitima-caiu-de-cavalo-no-acude","status":"publish","type":"post","link":"https:\/\/radiostudiow.com.br\/site\/2024\/10\/14\/morte-por-afogamento-em-matos-costa-vitima-caiu-de-cavalo-no-acude\/","title":{"rendered":"Menino de 13 anos perdeu a vida por afogamento ap\u00f3s cair de cavalo no a\u00e7ude em Matos Costa"},"content":{"rendered":"\n<p>A Pol\u00edcia Militar de Porto Uni\u00e3o divulgou mais detalhes sobre a ocorr\u00eancia envolvendo o afogamento de um garoto de 13 anos em Matos Costa. <strong>Ele foi identificado como\u00a0Gabriel de Almeida.<\/strong><\/p>\n\n\n\n<p>A equipe policial de Matos Costa foi acionada por funcion\u00e1rios do pronto atendimento, que informaram sobre uma v\u00edtima de afogamento que havia sido conduzida pelos bombeiros e j\u00e1 estava morta.<\/p>\n\n\n\n<figure class=\"wp-block-image size-full\"><img loading=\"lazy\" decoding=\"async\" width=\"897\" height=\"204\" src=\"https:\/\/radiostudiow.com.br\/site\/wp-content\/uploads\/2024\/04\/image-37.png\" alt=\"\" class=\"wp-image-21305\" srcset=\"https:\/\/radiostudiow.com.br\/site\/wp-content\/uploads\/2024\/04\/image-37.png 897w, https:\/\/radiostudiow.com.br\/site\/wp-content\/uploads\/2024\/04\/image-37-300x68.png 300w, https:\/\/radiostudiow.com.br\/site\/wp-content\/uploads\/2024\/04\/image-37-768x175.png 768w\" sizes=\"auto, (max-width: 897px) 100vw, 897px\" \/><\/figure>\n\n\n\n<p>No local, os policiais conversaram com familiares da v\u00edtima, que indicaram uma testemunha do incidente.\u00a0Em contato com essa testemunha, foi revelado que a v\u00edtima estava montada em um cavalo quando o animal se assustou com os foguetes e derrubou a pessoa no a\u00e7ude.<\/p>\n\n\n\n<p>Como a v\u00edtima n\u00e3o sabia nadar, acabou se afogando.\u00a0A testemunha tamb\u00e9m relatou que, por n\u00e3o saber nadar, n\u00e3o conseguiu prestar socorro.<\/p>\n\n\n\n<p><em>A cerim\u00f4nia de despedida acontece na Capela Mortu\u00e1ria de Matos Costa e o sepultamento est\u00e1 agendado para as 15h desta segunda-feira, 14, no Cemit\u00e9rio Municipal de Matos Costa.<\/em><\/p>\n","protected":false},"excerpt":{"rendered":"<p>A Pol\u00edcia Militar de Porto Uni\u00e3o divulgou mais detalhes sobre a ocorr\u00eancia envolvendo o afogamento de um garoto de 13 anos em Matos Costa. Ele foi identificado como\u00a0Gabriel de Almeida. A equipe policial de Matos Costa foi acionada por funcion\u00e1rios do pronto atendimento, que informaram sobre uma v\u00edtima de afogamento que havia sido conduzida pelos [&hellip;]<\/p>\n","protected":false},"author":2,"featured_media":28776,"comment_status":"open","ping_status":"open","sticky":false,"template":"","format":"standard","meta":{"footnotes":""},"categories":[185],"tags":[172],"class_list":["post-28775","post","type-post","status-publish","format-standard","has-post-thumbnail","hentry","category-regional","tag-featured"],"amp_enabled":true,"_links":{"self":[{"href":"https:\/\/radiostudiow.com.br\/site\/wp-json\/wp\/v2\/posts\/28775","targetHints":{"allow":["GET"]}}],"collection":[{"href":"https:\/\/radiostudiow.com.br\/site\/wp-json\/wp\/v2\/posts"}],"about":[{"href":"https:\/\/radiostudiow.com.br\/site\/wp-json\/wp\/v2\/types\/post"}],"author":[{"embeddable":true,"href":"https:\/\/radiostudiow.com.br\/site\/wp-json\/wp\/v2\/users\/2"}],"replies":[{"embeddable":true,"href":"https:\/\/radiostudiow.com.br\/site\/wp-json\/wp\/v2\/comments?post=28775"}],"version-history":[{"count":4,"href":"https:\/\/radiostudiow.com.br\/site\/wp-json\/wp\/v2\/posts\/28775\/revisions"}],"predecessor-version":[{"id":28809,"href":"https:\/\/radiostudiow.com.br\/site\/wp-json\/wp\/v2\/posts\/28775\/revisions\/28809"}],"wp:featuredmedia":[{"embeddable":true,"href":"https:\/\/radiostudiow.com.br\/site\/wp-json\/wp\/v2\/media\/28776"}],"wp:attachment":[{"href":"https:\/\/radiostudiow.com.br\/site\/wp-json\/wp\/v2\/media?parent=28775"}],"wp:term":[{"taxonomy":"category","embeddable":true,"href":"https:\/\/radiostudiow.com.br\/site\/wp-json\/wp\/v2\/categories?post=28775"},{"taxonomy":"post_tag","embeddable":true,"href":"https:\/\/radiostudiow.com.br\/site\/wp-json\/wp\/v2\/tags?post=28775"}],"curies":[{"name":"wp","href":"https:\/\/api.w.org\/{rel}","templated":true}]}}