{"id":28787,"date":"2024-10-14T10:29:51","date_gmt":"2024-10-14T13:29:51","guid":{"rendered":"https:\/\/radiostudiow.com.br\/site\/?p=28787"},"modified":"2024-10-14T10:29:51","modified_gmt":"2024-10-14T13:29:51","slug":"colisao-frontal-na-prc-280-deixa-condutor-em-estado-grave","status":"publish","type":"post","link":"https:\/\/radiostudiow.com.br\/site\/2024\/10\/14\/colisao-frontal-na-prc-280-deixa-condutor-em-estado-grave\/","title":{"rendered":"Colis\u00e3o frontal na PRc-280 deixa condutor em estado grave"},"content":{"rendered":"\n<p>Na tarde deste domingo, 13 de outubro, uma grave colis\u00e3o frontal ocorreu na PRc-280, nas proximidades do posto da Pol\u00edcia Rodovi\u00e1ria de Palmas.\u00a0O acidente envolveu um caminh\u00e3o de transporte de combust\u00edvel e um autom\u00f3vel GM\/Vectra, que trafegava no sentido Palmas em dire\u00e7\u00e3o ao trevo do Horizonte.<\/p>\n\n\n\n<figure class=\"wp-block-image size-full\"><img decoding=\"async\" src=\"https:\/\/radiostudiow.com.br\/site\/wp-content\/uploads\/2024\/04\/image-58.png\" alt=\"\" class=\"wp-image-21416\"\/><\/figure>\n\n\n\n<p>Informa\u00e7\u00f5es preliminares indicam que o condutor do autom\u00f3vel foi socorrido e levado ao hospital de Palmas em estado grave, conforme relatos de testemunhas que estavam no local.\u00a0O impacto da colis\u00e3o foi intenso, resultando em s\u00e9rios danos ao ve\u00edculo. O motorista do caminh\u00e3o, por sua vez, n\u00e3o sofreu ferimentos.<\/p>\n\n\n\n<figure class=\"wp-block-image size-full\"><img loading=\"lazy\" decoding=\"async\" width=\"536\" height=\"600\" src=\"https:\/\/radiostudiow.com.br\/site\/wp-content\/uploads\/2024\/10\/image-26.png\" alt=\"\" class=\"wp-image-28789\" srcset=\"https:\/\/radiostudiow.com.br\/site\/wp-content\/uploads\/2024\/10\/image-26.png 536w, https:\/\/radiostudiow.com.br\/site\/wp-content\/uploads\/2024\/10\/image-26-268x300.png 268w\" sizes=\"auto, (max-width: 536px) 100vw, 536px\" \/><\/figure>\n","protected":false},"excerpt":{"rendered":"<p>Na tarde deste domingo, 13 de outubro, uma grave colis\u00e3o frontal ocorreu na PRc-280, nas proximidades do posto da Pol\u00edcia Rodovi\u00e1ria de Palmas.\u00a0O acidente envolveu um caminh\u00e3o de transporte de combust\u00edvel e um autom\u00f3vel GM\/Vectra, que trafegava no sentido Palmas em dire\u00e7\u00e3o ao trevo do Horizonte. Informa\u00e7\u00f5es preliminares indicam que o condutor do autom\u00f3vel foi [&hellip;]<\/p>\n","protected":false},"author":2,"featured_media":28788,"comment_status":"open","ping_status":"open","sticky":false,"template":"","format":"standard","meta":{"footnotes":""},"categories":[7],"tags":[],"class_list":["post-28787","post","type-post","status-publish","format-standard","has-post-thumbnail","hentry","category-geral"],"amp_enabled":true,"_links":{"self":[{"href":"https:\/\/radiostudiow.com.br\/site\/wp-json\/wp\/v2\/posts\/28787","targetHints":{"allow":["GET"]}}],"collection":[{"href":"https:\/\/radiostudiow.com.br\/site\/wp-json\/wp\/v2\/posts"}],"about":[{"href":"https:\/\/radiostudiow.com.br\/site\/wp-json\/wp\/v2\/types\/post"}],"author":[{"embeddable":true,"href":"https:\/\/radiostudiow.com.br\/site\/wp-json\/wp\/v2\/users\/2"}],"replies":[{"embeddable":true,"href":"https:\/\/radiostudiow.com.br\/site\/wp-json\/wp\/v2\/comments?post=28787"}],"version-history":[{"count":1,"href":"https:\/\/radiostudiow.com.br\/site\/wp-json\/wp\/v2\/posts\/28787\/revisions"}],"predecessor-version":[{"id":28790,"href":"https:\/\/radiostudiow.com.br\/site\/wp-json\/wp\/v2\/posts\/28787\/revisions\/28790"}],"wp:featuredmedia":[{"embeddable":true,"href":"https:\/\/radiostudiow.com.br\/site\/wp-json\/wp\/v2\/media\/28788"}],"wp:attachment":[{"href":"https:\/\/radiostudiow.com.br\/site\/wp-json\/wp\/v2\/media?parent=28787"}],"wp:term":[{"taxonomy":"category","embeddable":true,"href":"https:\/\/radiostudiow.com.br\/site\/wp-json\/wp\/v2\/categories?post=28787"},{"taxonomy":"post_tag","embeddable":true,"href":"https:\/\/radiostudiow.com.br\/site\/wp-json\/wp\/v2\/tags?post=28787"}],"curies":[{"name":"wp","href":"https:\/\/api.w.org\/{rel}","templated":true}]}}