{"id":28800,"date":"2024-10-14T10:45:47","date_gmt":"2024-10-14T13:45:47","guid":{"rendered":"https:\/\/radiostudiow.com.br\/site\/?p=28800"},"modified":"2025-01-31T14:58:21","modified_gmt":"2025-01-31T17:58:21","slug":"hospital-de-caridade-sao-pedro-agradece-comunidade-de-mallet-por-apoio-em-bazar-e-divulga-arrecadacao","status":"publish","type":"post","link":"https:\/\/radiostudiow.com.br\/site\/2024\/10\/14\/hospital-de-caridade-sao-pedro-agradece-comunidade-de-mallet-por-apoio-em-bazar-e-divulga-arrecadacao\/","title":{"rendered":"Hospital de Caridade S\u00e3o Pedro agradece comunidade de Mallet por apoio em bazar e divulga arrecada\u00e7\u00e3o"},"content":{"rendered":"\n<p>O Hospital de Caridade S\u00e3o Pedro expressou, em comunicado oficial atrav\u00e9s da Presidente Leocadia Minerva, seu profundo agradecimento \u00e0 dire\u00e7\u00e3o, colaboradores e em especial a comunidade malletense<br>pelo envolvimento no bazar realizado entre os dias 8 e 11 de outubro.<\/p>\n\n\n\n<p><strong><em>A a\u00e7\u00e3o solid\u00e1ria mobilizou moradores e funcion\u00e1rios, resultando em um montante arrecadado de<br>R$ 5.798,60.<\/em><\/strong><\/p>\n\n\n\n<figure class=\"wp-block-image size-full\"><img loading=\"lazy\" decoding=\"async\" width=\"900\" height=\"408\" src=\"https:\/\/radiostudiow.com.br\/site\/wp-content\/uploads\/2024\/09\/image-64-1.png\" alt=\"\" class=\"wp-image-28207\" srcset=\"https:\/\/radiostudiow.com.br\/site\/wp-content\/uploads\/2024\/09\/image-64-1.png 900w, https:\/\/radiostudiow.com.br\/site\/wp-content\/uploads\/2024\/09\/image-64-1-300x136.png 300w, https:\/\/radiostudiow.com.br\/site\/wp-content\/uploads\/2024\/09\/image-64-1-768x348.png 768w\" sizes=\"auto, (max-width: 900px) 100vw, 900px\" \/><\/figure>\n\n\n\n<p>Durante o bazar, o hospital recebeu doa\u00e7\u00f5es de roupas, al\u00e9m de contar com o apoio de pessoas que prestigiaram a iniciativa por meio de compras. \u201cA todas essas pessoas temos muito carinho, reconhecimento e gratid\u00e3o. Pedimos sempre que Deus aben\u00e7oe suas vidas e lhes retribua em dobro tudo o que \u00e9 ofertado de cora\u00e7\u00e3o \u00e0 nossa institui\u00e7\u00e3o\u201d, destacou a Senhora Leocadia no comunicado emitido pela Administra\u00e7\u00e3o.<\/p>\n\n\n\n<p>A Presidente do HCSP, refor\u00e7ou que o sucesso do bazar n\u00e3o teria sido poss\u00edvel sem o engajamento dos funcion\u00e1rios e da popula\u00e7\u00e3o, evidenciando o esp\u00edrito de solidariedade da cidade.<\/p>\n\n\n\n<p>Com esse resultado, o Hospital S\u00e3o Pedro reafirma sua miss\u00e3o de promover sa\u00fade com dedica\u00e7\u00e3o, contando com o apoio de uma comunidade que, mais uma vez, mostrou que pequenas a\u00e7\u00f5es fazem a diferen\u00e7a.<\/p>\n\n\n\n<figure class=\"wp-block-image size-large\"><img loading=\"lazy\" decoding=\"async\" width=\"822\" height=\"1024\" src=\"https:\/\/radiostudiow.com.br\/site\/wp-content\/uploads\/2024\/10\/71145e36-1243-4fe2-b9af-c64fb3c22ee8-822x1024.png\" alt=\"\" class=\"wp-image-28784\" srcset=\"https:\/\/radiostudiow.com.br\/site\/wp-content\/uploads\/2024\/10\/71145e36-1243-4fe2-b9af-c64fb3c22ee8-822x1024.png 822w, https:\/\/radiostudiow.com.br\/site\/wp-content\/uploads\/2024\/10\/71145e36-1243-4fe2-b9af-c64fb3c22ee8-241x300.png 241w, https:\/\/radiostudiow.com.br\/site\/wp-content\/uploads\/2024\/10\/71145e36-1243-4fe2-b9af-c64fb3c22ee8-768x956.png 768w, https:\/\/radiostudiow.com.br\/site\/wp-content\/uploads\/2024\/10\/71145e36-1243-4fe2-b9af-c64fb3c22ee8.png 999w\" sizes=\"auto, (max-width: 822px) 100vw, 822px\" \/><\/figure>\n","protected":false},"excerpt":{"rendered":"<p>O Hospital de Caridade S\u00e3o Pedro expressou, em comunicado oficial atrav\u00e9s da Presidente Leocadia Minerva, seu profundo agradecimento \u00e0 dire\u00e7\u00e3o, colaboradores e em especial a comunidade malletensepelo envolvimento no bazar realizado entre os dias 8 e 11 de outubro. A a\u00e7\u00e3o solid\u00e1ria mobilizou moradores e funcion\u00e1rios, resultando em um montante arrecadado deR$ 5.798,60. Durante o [&hellip;]<\/p>\n","protected":false},"author":2,"featured_media":28762,"comment_status":"open","ping_status":"open","sticky":false,"template":"","format":"standard","meta":{"footnotes":""},"categories":[184],"tags":[172],"class_list":["post-28800","post","type-post","status-publish","format-standard","has-post-thumbnail","hentry","category-local","tag-featured"],"amp_enabled":true,"_links":{"self":[{"href":"https:\/\/radiostudiow.com.br\/site\/wp-json\/wp\/v2\/posts\/28800","targetHints":{"allow":["GET"]}}],"collection":[{"href":"https:\/\/radiostudiow.com.br\/site\/wp-json\/wp\/v2\/posts"}],"about":[{"href":"https:\/\/radiostudiow.com.br\/site\/wp-json\/wp\/v2\/types\/post"}],"author":[{"embeddable":true,"href":"https:\/\/radiostudiow.com.br\/site\/wp-json\/wp\/v2\/users\/2"}],"replies":[{"embeddable":true,"href":"https:\/\/radiostudiow.com.br\/site\/wp-json\/wp\/v2\/comments?post=28800"}],"version-history":[{"count":1,"href":"https:\/\/radiostudiow.com.br\/site\/wp-json\/wp\/v2\/posts\/28800\/revisions"}],"predecessor-version":[{"id":28801,"href":"https:\/\/radiostudiow.com.br\/site\/wp-json\/wp\/v2\/posts\/28800\/revisions\/28801"}],"wp:featuredmedia":[{"embeddable":true,"href":"https:\/\/radiostudiow.com.br\/site\/wp-json\/wp\/v2\/media\/28762"}],"wp:attachment":[{"href":"https:\/\/radiostudiow.com.br\/site\/wp-json\/wp\/v2\/media?parent=28800"}],"wp:term":[{"taxonomy":"category","embeddable":true,"href":"https:\/\/radiostudiow.com.br\/site\/wp-json\/wp\/v2\/categories?post=28800"},{"taxonomy":"post_tag","embeddable":true,"href":"https:\/\/radiostudiow.com.br\/site\/wp-json\/wp\/v2\/tags?post=28800"}],"curies":[{"name":"wp","href":"https:\/\/api.w.org\/{rel}","templated":true}]}}