{"id":28802,"date":"2024-10-14T16:53:14","date_gmt":"2024-10-14T19:53:14","guid":{"rendered":"https:\/\/radiostudiow.com.br\/site\/?p=28802"},"modified":"2025-01-31T14:58:21","modified_gmt":"2025-01-31T17:58:21","slug":"estava-sob-efeito-de-crack-e-matei-a-vizinha-franciane-estrangulada","status":"publish","type":"post","link":"https:\/\/radiostudiow.com.br\/site\/2024\/10\/14\/estava-sob-efeito-de-crack-e-matei-a-vizinha-franciane-estrangulada\/","title":{"rendered":"&#8220;Estava sob efeito de crack e matei a vizinha Franciane estrangulada\u201d, diz autor de homic\u00eddio em Uni\u00e3o da Vit\u00f3ria. Ele foi preso"},"content":{"rendered":"\n<p>Policiais Civis da 4\u00aa SDP de Uni\u00e3o da Vit\u00f3ria prenderam na tarde deste s\u00e1bado, 12,\u00a0Rafael Cordeiro Kosloski, de 36 anos,\u00a0acusado de ser o autor da morte de\u00a0Franciane Cristine Brixi, de 32 anos, ocorrida no dia 21 de setembro deste ano.<\/p>\n\n\n\n<figure class=\"wp-block-image size-full\"><img loading=\"lazy\" decoding=\"async\" width=\"900\" height=\"408\" src=\"https:\/\/radiostudiow.com.br\/site\/wp-content\/uploads\/2024\/09\/image-64-1.png\" alt=\"\" class=\"wp-image-28207\" srcset=\"https:\/\/radiostudiow.com.br\/site\/wp-content\/uploads\/2024\/09\/image-64-1.png 900w, https:\/\/radiostudiow.com.br\/site\/wp-content\/uploads\/2024\/09\/image-64-1-300x136.png 300w, https:\/\/radiostudiow.com.br\/site\/wp-content\/uploads\/2024\/09\/image-64-1-768x348.png 768w\" sizes=\"auto, (max-width: 900px) 100vw, 900px\" \/><\/figure>\n\n\n\n<p>O corpo de\u00a0Franciane\u00a0foi encontrado em sua resid\u00eancia no dia 26 de setembro, e seu ve\u00edculo havia sido subtra\u00eddo, sendo localizado abandonado no bairro S\u00e3o Crist\u00f3v\u00e3o no mesmo dia. A partir desses fatos, os policiais deduziram tratar-se de um caso de latroc\u00ednio.<\/p>\n\n\n\n<p>Diversas evid\u00eancias apontaram Rafael, que residia na casa ao lado, como o principal suspeito, levando a Pol\u00edcia a solicitar sua Pris\u00e3o Preventiva.<\/p>\n\n\n\n<figure class=\"wp-block-image size-full\"><img decoding=\"async\" src=\"https:\/\/radiostudiow.com.br\/site\/wp-content\/uploads\/2024\/04\/SITE-MEDIO.png\" alt=\"\" class=\"wp-image-21854\"\/><\/figure>\n\n\n\n<p>Segundo o Delegado Douglas Possebon, o trabalho de investiga\u00e7\u00e3o foi minucioso e resultou em provas contundentes que indicavam Rafael como autor do crime. Diante dessas provas, ele confessou, afirmando:&nbsp;<em>\u201cEstava sob efeito de crack e matei a vizinha Franciane estrangulada.\u201d<\/em><\/p>\n\n\n\n<p>O Delegado tamb\u00e9m destacou a import\u00e2ncia da integra\u00e7\u00e3o entre a Pol\u00edcia, o Minist\u00e9rio P\u00fablico e o Poder Judici\u00e1rio, que foram fundamentais para o avan\u00e7o das investiga\u00e7\u00f5es.<\/p>\n","protected":false},"excerpt":{"rendered":"<p>Policiais Civis da 4\u00aa SDP de Uni\u00e3o da Vit\u00f3ria prenderam na tarde deste s\u00e1bado, 12,\u00a0Rafael Cordeiro Kosloski, de 36 anos,\u00a0acusado de ser o autor da morte de\u00a0Franciane Cristine Brixi, de 32 anos, ocorrida no dia 21 de setembro deste ano. O corpo de\u00a0Franciane\u00a0foi encontrado em sua resid\u00eancia no dia 26 de setembro, e seu ve\u00edculo [&hellip;]<\/p>\n","protected":false},"author":2,"featured_media":28803,"comment_status":"open","ping_status":"open","sticky":false,"template":"","format":"standard","meta":{"footnotes":""},"categories":[182],"tags":[172],"class_list":["post-28802","post","type-post","status-publish","format-standard","has-post-thumbnail","hentry","category-saude","tag-featured"],"amp_enabled":true,"_links":{"self":[{"href":"https:\/\/radiostudiow.com.br\/site\/wp-json\/wp\/v2\/posts\/28802","targetHints":{"allow":["GET"]}}],"collection":[{"href":"https:\/\/radiostudiow.com.br\/site\/wp-json\/wp\/v2\/posts"}],"about":[{"href":"https:\/\/radiostudiow.com.br\/site\/wp-json\/wp\/v2\/types\/post"}],"author":[{"embeddable":true,"href":"https:\/\/radiostudiow.com.br\/site\/wp-json\/wp\/v2\/users\/2"}],"replies":[{"embeddable":true,"href":"https:\/\/radiostudiow.com.br\/site\/wp-json\/wp\/v2\/comments?post=28802"}],"version-history":[{"count":3,"href":"https:\/\/radiostudiow.com.br\/site\/wp-json\/wp\/v2\/posts\/28802\/revisions"}],"predecessor-version":[{"id":28817,"href":"https:\/\/radiostudiow.com.br\/site\/wp-json\/wp\/v2\/posts\/28802\/revisions\/28817"}],"wp:featuredmedia":[{"embeddable":true,"href":"https:\/\/radiostudiow.com.br\/site\/wp-json\/wp\/v2\/media\/28803"}],"wp:attachment":[{"href":"https:\/\/radiostudiow.com.br\/site\/wp-json\/wp\/v2\/media?parent=28802"}],"wp:term":[{"taxonomy":"category","embeddable":true,"href":"https:\/\/radiostudiow.com.br\/site\/wp-json\/wp\/v2\/categories?post=28802"},{"taxonomy":"post_tag","embeddable":true,"href":"https:\/\/radiostudiow.com.br\/site\/wp-json\/wp\/v2\/tags?post=28802"}],"curies":[{"name":"wp","href":"https:\/\/api.w.org\/{rel}","templated":true}]}}