{"id":28859,"date":"2024-10-15T11:19:53","date_gmt":"2024-10-15T14:19:53","guid":{"rendered":"https:\/\/radiostudiow.com.br\/site\/?p=28859"},"modified":"2025-01-31T14:58:20","modified_gmt":"2025-01-31T17:58:20","slug":"em-menos-de-8-horas-a-policia-militar-de-antonio-olinto-cumpriu-dois-mandados-de-prisao","status":"publish","type":"post","link":"https:\/\/radiostudiow.com.br\/site\/2024\/10\/15\/em-menos-de-8-horas-a-policia-militar-de-antonio-olinto-cumpriu-dois-mandados-de-prisao\/","title":{"rendered":"Em Menos De 8 Horas A Policia Militar De Ant\u00f4nio Olinto Cumpriu Dois Mandados De Pris\u00e3o"},"content":{"rendered":"\n<p><strong>Em Menos De 8 Horas A Policia Militar De Ant\u00f4nio Olinto Cumpriu Dois Mandados De Pris\u00e3o<\/strong><\/p>\n\n\n\n<p>\u00c1s 09:41 horas da manha de ontem segunda feira, 14 de Outubro, a equipe da Policia Militar de Ant\u00f4nio Olinto tomou conhecimento de um mandado de pris\u00e3o contra uma mulher na localidade da Lagoa da Cruz.<\/p>\n\n\n\n<p>Foi deslocado ate o endere\u00e7o onde a abordagem aconteceu em frente a resid\u00eancia, n\u00e3o sendo nada de il\u00edcito encontrado com a mesma. Ela foi informada sobre o mandado de pris\u00e3o e encaminhada at\u00e9 a Delegacia de S\u00e3o Mateus do Sul a qual ficou aos cuidados do Depen.<\/p>\n\n\n\n<figure class=\"wp-block-image size-full\"><img decoding=\"async\" src=\"https:\/\/radiostudiow.com.br\/site\/wp-content\/uploads\/2024\/04\/image-58.png\" alt=\"\" class=\"wp-image-21416\"\/><\/figure>\n\n\n\n<h2 class=\"wp-block-heading\"><strong>SEGUNDO CASO<\/strong><\/h2>\n\n\n\n<p>O outro caso foi por volta das 17h56 do mesmo dia onde a Policia Militar tomou conhecimento de um mandado de pris\u00e3o em aberto contra um homem na localidade de Agua Amarela de baixo. A equipe deslocou at\u00e9 o endere\u00e7o onde ao chegar foi poss\u00edvel visualizar o acusado se aproximando da resid\u00eancia.<\/p>\n\n\n\n<p>Os Policiais realizaram a abordagem e ap\u00f3s a identifica\u00e7\u00e3o foi dado voz de pris\u00e3o sendo encaminhado o para a Delegacia de S\u00e3o Mateus do Sul e deixado aos cuidados do Depen. Os nomes n\u00e3o foram divulgados para n\u00e3o atrapalhar as investiga\u00e7\u00f5es.<\/p>\n","protected":false},"excerpt":{"rendered":"<p>Em Menos De 8 Horas A Policia Militar De Ant\u00f4nio Olinto Cumpriu Dois Mandados De Pris\u00e3o \u00c1s 09:41 horas da manha de ontem segunda feira, 14 de Outubro, a equipe da Policia Militar de Ant\u00f4nio Olinto tomou conhecimento de um mandado de pris\u00e3o contra uma mulher na localidade da Lagoa da Cruz. Foi deslocado ate [&hellip;]<\/p>\n","protected":false},"author":2,"featured_media":28860,"comment_status":"open","ping_status":"open","sticky":false,"template":"","format":"standard","meta":{"footnotes":""},"categories":[2],"tags":[172],"class_list":["post-28859","post","type-post","status-publish","format-standard","has-post-thumbnail","hentry","category-policial","tag-featured"],"amp_enabled":true,"_links":{"self":[{"href":"https:\/\/radiostudiow.com.br\/site\/wp-json\/wp\/v2\/posts\/28859","targetHints":{"allow":["GET"]}}],"collection":[{"href":"https:\/\/radiostudiow.com.br\/site\/wp-json\/wp\/v2\/posts"}],"about":[{"href":"https:\/\/radiostudiow.com.br\/site\/wp-json\/wp\/v2\/types\/post"}],"author":[{"embeddable":true,"href":"https:\/\/radiostudiow.com.br\/site\/wp-json\/wp\/v2\/users\/2"}],"replies":[{"embeddable":true,"href":"https:\/\/radiostudiow.com.br\/site\/wp-json\/wp\/v2\/comments?post=28859"}],"version-history":[{"count":3,"href":"https:\/\/radiostudiow.com.br\/site\/wp-json\/wp\/v2\/posts\/28859\/revisions"}],"predecessor-version":[{"id":28870,"href":"https:\/\/radiostudiow.com.br\/site\/wp-json\/wp\/v2\/posts\/28859\/revisions\/28870"}],"wp:featuredmedia":[{"embeddable":true,"href":"https:\/\/radiostudiow.com.br\/site\/wp-json\/wp\/v2\/media\/28860"}],"wp:attachment":[{"href":"https:\/\/radiostudiow.com.br\/site\/wp-json\/wp\/v2\/media?parent=28859"}],"wp:term":[{"taxonomy":"category","embeddable":true,"href":"https:\/\/radiostudiow.com.br\/site\/wp-json\/wp\/v2\/categories?post=28859"},{"taxonomy":"post_tag","embeddable":true,"href":"https:\/\/radiostudiow.com.br\/site\/wp-json\/wp\/v2\/tags?post=28859"}],"curies":[{"name":"wp","href":"https:\/\/api.w.org\/{rel}","templated":true}]}}