{"id":28863,"date":"2024-10-15T17:16:40","date_gmt":"2024-10-15T20:16:40","guid":{"rendered":"https:\/\/radiostudiow.com.br\/site\/?p=28863"},"modified":"2025-01-31T14:58:20","modified_gmt":"2025-01-31T17:58:20","slug":"sw-curiosidade-origem-do-dia-dos-professores-15-de-outubro","status":"publish","type":"post","link":"https:\/\/radiostudiow.com.br\/site\/2024\/10\/15\/sw-curiosidade-origem-do-dia-dos-professores-15-de-outubro\/","title":{"rendered":"SW Curiosidade! Origem do Dia dos Professores &#8211; 15 de Outubro"},"content":{"rendered":"\n<p>O Dia dos Professores, comemorado em 15 de outubro, presta homenagem aos profissionais que s\u00e3o fundamentais para a\u00a0 forma\u00e7\u00e3o e o desenvolvimento de tantas profiss\u00f5es.<strong> Afinal, o que seria dos m\u00e9dicos, advogados, arquitetos e engenheiros sem este pilar t\u00e3o importante?<\/strong><\/p>\n\n\n\n<p>A data surgiu com o decreto de Dom Pedro I, em 15 de outubro de 1827. Inicialmente, foi criada a Escola de Primeiras Letras.\u00a0 Al\u00e9m disso, no dia 15 de outubro comemora-se o Dia da Santa Tereza D&#8217;\u00c1vila, tamb\u00e9m conhecida como Santa Teresa de Jesus, a padroeira dos professores. A comemora\u00e7\u00e3o come\u00e7ou somente 120 anos depois. Foi, portanto, em 1947 que se formou a &#8220;Comiss\u00e3o Pr\u00f3-oficializa\u00e7\u00e3o do Dia do Professor&#8221;. Assim, transformou-se na Lei Estadual n\u00ba 174.<\/p>\n\n\n\n<figure class=\"wp-block-image size-full\"><img loading=\"lazy\" decoding=\"async\" width=\"900\" height=\"408\" src=\"https:\/\/radiostudiow.com.br\/site\/wp-content\/uploads\/2024\/09\/image-64-1.png\" alt=\"\" class=\"wp-image-28207\" srcset=\"https:\/\/radiostudiow.com.br\/site\/wp-content\/uploads\/2024\/09\/image-64-1.png 900w, https:\/\/radiostudiow.com.br\/site\/wp-content\/uploads\/2024\/09\/image-64-1-300x136.png 300w, https:\/\/radiostudiow.com.br\/site\/wp-content\/uploads\/2024\/09\/image-64-1-768x348.png 768w\" sizes=\"auto, (max-width: 900px) 100vw, 900px\" \/><\/figure>\n\n\n\n<p>Em 1963, o Decreto n\u00ba 52.682, de 14 de outubro oficializou o Dia do professor como feriado escolar nacional.\u00a0 No entanto, atualmente, o 15 de outubro \u00e9 um\u00a0feriado escolar, n\u00e3o sendo considerado um feriado nacional. Ficou estipulado como ponto facultativo. Na data, as escolas costumam fechar. Assim, tanto os alunos quanto os profissionais da educa\u00e7\u00e3o t\u00eam o dia livre. Por fim, os demais setores da sociedade, como com\u00e9rcio e servi\u00e7os, funcionam normalmente.<\/p>\n\n\n\n<p>A primeira comemora\u00e7\u00e3o ocorreu na cidade de S\u00e3o Paulo. Ela foi encabe\u00e7ada pelo educador\u00a0Salom\u00e3o Becker. Ele ficou conhecido por frases como: &#8220;Professor \u00e9 profiss\u00e3o, educador \u00e9 voca\u00e7\u00e3o&#8221;.<\/p>\n","protected":false},"excerpt":{"rendered":"<p>O Dia dos Professores, comemorado em 15 de outubro, presta homenagem aos profissionais que s\u00e3o fundamentais para a\u00a0 forma\u00e7\u00e3o e o desenvolvimento de tantas profiss\u00f5es. Afinal, o que seria dos m\u00e9dicos, advogados, arquitetos e engenheiros sem este pilar t\u00e3o importante? A data surgiu com o decreto de Dom Pedro I, em 15 de outubro de [&hellip;]<\/p>\n","protected":false},"author":2,"featured_media":28873,"comment_status":"open","ping_status":"open","sticky":false,"template":"","format":"standard","meta":{"footnotes":""},"categories":[7],"tags":[172],"class_list":["post-28863","post","type-post","status-publish","format-standard","has-post-thumbnail","hentry","category-geral","tag-featured"],"amp_enabled":true,"_links":{"self":[{"href":"https:\/\/radiostudiow.com.br\/site\/wp-json\/wp\/v2\/posts\/28863","targetHints":{"allow":["GET"]}}],"collection":[{"href":"https:\/\/radiostudiow.com.br\/site\/wp-json\/wp\/v2\/posts"}],"about":[{"href":"https:\/\/radiostudiow.com.br\/site\/wp-json\/wp\/v2\/types\/post"}],"author":[{"embeddable":true,"href":"https:\/\/radiostudiow.com.br\/site\/wp-json\/wp\/v2\/users\/2"}],"replies":[{"embeddable":true,"href":"https:\/\/radiostudiow.com.br\/site\/wp-json\/wp\/v2\/comments?post=28863"}],"version-history":[{"count":1,"href":"https:\/\/radiostudiow.com.br\/site\/wp-json\/wp\/v2\/posts\/28863\/revisions"}],"predecessor-version":[{"id":28864,"href":"https:\/\/radiostudiow.com.br\/site\/wp-json\/wp\/v2\/posts\/28863\/revisions\/28864"}],"wp:featuredmedia":[{"embeddable":true,"href":"https:\/\/radiostudiow.com.br\/site\/wp-json\/wp\/v2\/media\/28873"}],"wp:attachment":[{"href":"https:\/\/radiostudiow.com.br\/site\/wp-json\/wp\/v2\/media?parent=28863"}],"wp:term":[{"taxonomy":"category","embeddable":true,"href":"https:\/\/radiostudiow.com.br\/site\/wp-json\/wp\/v2\/categories?post=28863"},{"taxonomy":"post_tag","embeddable":true,"href":"https:\/\/radiostudiow.com.br\/site\/wp-json\/wp\/v2\/tags?post=28863"}],"curies":[{"name":"wp","href":"https:\/\/api.w.org\/{rel}","templated":true}]}}