{"id":28874,"date":"2024-10-15T19:06:42","date_gmt":"2024-10-15T22:06:42","guid":{"rendered":"https:\/\/radiostudiow.com.br\/site\/?p=28874"},"modified":"2025-01-31T14:58:20","modified_gmt":"2025-01-31T17:58:20","slug":"homem-morre-atropelado-pelo-proprio-caminhao","status":"publish","type":"post","link":"https:\/\/radiostudiow.com.br\/site\/2024\/10\/15\/homem-morre-atropelado-pelo-proprio-caminhao\/","title":{"rendered":"Homem morre atropelado pelo pr\u00f3prio caminh\u00e3o"},"content":{"rendered":"\n<p><strong>Homem morre atropelado pelo pr\u00f3prio caminh\u00e3o<\/strong><\/p>\n\n\n\n<p>As equipes do Corpo de Bombeiros de Rio Negrinho foram acionadas para atender a um acidente de tr\u00e2nsito do tipo atropelamento pelo pr\u00f3prio ve\u00edculo por volta das 09:56 horas da manh\u00e3 desta ter\u00e7a-feira (15). Ao chegar ao local, foi confirmada que se tratava de um atropelamento envolvendo um caminh\u00e3o do tipo cavalo mec\u00e2nico e carreta.<\/p>\n\n\n\n<figure class=\"wp-block-image size-full\"><img loading=\"lazy\" decoding=\"async\" width=\"598\" height=\"204\" src=\"https:\/\/radiostudiow.com.br\/site\/wp-content\/uploads\/2024\/10\/labirati.png\" alt=\"\" class=\"wp-image-28854\" srcset=\"https:\/\/radiostudiow.com.br\/site\/wp-content\/uploads\/2024\/10\/labirati.png 598w, https:\/\/radiostudiow.com.br\/site\/wp-content\/uploads\/2024\/10\/labirati-300x102.png 300w\" sizes=\"auto, (max-width: 598px) 100vw, 598px\" \/><\/figure>\n\n\n\n<p>O cavalo mec\u00e2nico acabou atropelando a v\u00edtima, um homem de 46 anos, que foi encontrado preso sob o rodado traseiro do ve\u00edculo, j\u00e1 sem sinais vitais e apresentando trauma severo na regi\u00e3o do cr\u00e2nio e face. Testemunhas relataram que a v\u00edtima estava realizando a manuten\u00e7\u00e3o do ve\u00edculo quando ele se movimentou, atingindo-o e parando ao colidir com o muro de uma resid\u00eancia pr\u00f3xima.<\/p>\n\n\n\n<p>No local, tamb\u00e9m estava uma mulher de 19 anos, gestante de 17 semanas, que residia em frente ao local do acidente. Ao ouvir o barulho, ela se aproximou e acabou presenciando a cena, ficando em estado de choque e relatando dores na regi\u00e3o do abd\u00f4men.<\/p>\n\n\n\n<figure class=\"wp-block-image size-full\"><img loading=\"lazy\" decoding=\"async\" width=\"900\" height=\"408\" src=\"https:\/\/radiostudiow.com.br\/site\/wp-content\/uploads\/2024\/09\/image-64-1.png\" alt=\"\" class=\"wp-image-28207\" srcset=\"https:\/\/radiostudiow.com.br\/site\/wp-content\/uploads\/2024\/09\/image-64-1.png 900w, https:\/\/radiostudiow.com.br\/site\/wp-content\/uploads\/2024\/09\/image-64-1-300x136.png 300w, https:\/\/radiostudiow.com.br\/site\/wp-content\/uploads\/2024\/09\/image-64-1-768x348.png 768w\" sizes=\"auto, (max-width: 900px) 100vw, 900px\" \/><\/figure>\n\n\n\n<p>Seus sinais vitais foram checados e estavam est\u00e1veis; posteriormente, ela foi encaminhada \u00e0 Funda\u00e7\u00e3o Hospitalar Rio Negrinho. Ap\u00f3s assegurar a cena, estabilizar o cavalo mec\u00e2nico e a carreta, a equipe de resgate utilizou um macaco hidr\u00e1ulico para elevar o ve\u00edculo e retirar o corpo da v\u00edtima. O local ficou aos cuidados da Pol\u00edcia Militar de Santa Catarina (PMSC).<\/p>\n","protected":false},"excerpt":{"rendered":"<p>Homem morre atropelado pelo pr\u00f3prio caminh\u00e3o As equipes do Corpo de Bombeiros de Rio Negrinho foram acionadas para atender a um acidente de tr\u00e2nsito do tipo atropelamento pelo pr\u00f3prio ve\u00edculo por volta das 09:56 horas da manh\u00e3 desta ter\u00e7a-feira (15). Ao chegar ao local, foi confirmada que se tratava de um atropelamento envolvendo um caminh\u00e3o [&hellip;]<\/p>\n","protected":false},"author":2,"featured_media":28875,"comment_status":"open","ping_status":"open","sticky":false,"template":"","format":"standard","meta":{"footnotes":""},"categories":[185],"tags":[172],"class_list":["post-28874","post","type-post","status-publish","format-standard","has-post-thumbnail","hentry","category-regional","tag-featured"],"amp_enabled":true,"_links":{"self":[{"href":"https:\/\/radiostudiow.com.br\/site\/wp-json\/wp\/v2\/posts\/28874","targetHints":{"allow":["GET"]}}],"collection":[{"href":"https:\/\/radiostudiow.com.br\/site\/wp-json\/wp\/v2\/posts"}],"about":[{"href":"https:\/\/radiostudiow.com.br\/site\/wp-json\/wp\/v2\/types\/post"}],"author":[{"embeddable":true,"href":"https:\/\/radiostudiow.com.br\/site\/wp-json\/wp\/v2\/users\/2"}],"replies":[{"embeddable":true,"href":"https:\/\/radiostudiow.com.br\/site\/wp-json\/wp\/v2\/comments?post=28874"}],"version-history":[{"count":2,"href":"https:\/\/radiostudiow.com.br\/site\/wp-json\/wp\/v2\/posts\/28874\/revisions"}],"predecessor-version":[{"id":28885,"href":"https:\/\/radiostudiow.com.br\/site\/wp-json\/wp\/v2\/posts\/28874\/revisions\/28885"}],"wp:featuredmedia":[{"embeddable":true,"href":"https:\/\/radiostudiow.com.br\/site\/wp-json\/wp\/v2\/media\/28875"}],"wp:attachment":[{"href":"https:\/\/radiostudiow.com.br\/site\/wp-json\/wp\/v2\/media?parent=28874"}],"wp:term":[{"taxonomy":"category","embeddable":true,"href":"https:\/\/radiostudiow.com.br\/site\/wp-json\/wp\/v2\/categories?post=28874"},{"taxonomy":"post_tag","embeddable":true,"href":"https:\/\/radiostudiow.com.br\/site\/wp-json\/wp\/v2\/tags?post=28874"}],"curies":[{"name":"wp","href":"https:\/\/api.w.org\/{rel}","templated":true}]}}