{"id":28879,"date":"2024-10-15T19:06:01","date_gmt":"2024-10-15T22:06:01","guid":{"rendered":"https:\/\/radiostudiow.com.br\/site\/?p=28879"},"modified":"2025-01-31T14:58:20","modified_gmt":"2025-01-31T17:58:20","slug":"bombeiros-de-sao-mateus-do-sul-sao-acionados-para-principio-de-incendio-em-cozinha-de-panificadora","status":"publish","type":"post","link":"https:\/\/radiostudiow.com.br\/site\/2024\/10\/15\/bombeiros-de-sao-mateus-do-sul-sao-acionados-para-principio-de-incendio-em-cozinha-de-panificadora\/","title":{"rendered":"Bombeiros de S\u00e3o Mateus do Sul s\u00e3o acionados para princ\u00edpio de inc\u00eandio em cozinha de panificadora"},"content":{"rendered":"\n<p>A equipe do Corpo de Bombeiros foi acionada para atender a um\u00a0princ\u00edpio de inc\u00eandio em uma panificadora localizada na Av. Ozy Mendon\u00e7a de Lima, no Centro de S\u00e3o Mateus do Sul por volta das 05 horas desta ter\u00e7a-feira (15).<\/p>\n\n\n\n<p>Segundo informado pelos Bombeiros, o foco do inc\u00eandio estava na cozinha do estabelecimento. Dois bombeiros militares foram deslocados at\u00e9 o local e constataram que o inc\u00eandio havia sido provocado por um superaquecimento em uma fritadeira.<\/p>\n\n\n\n<figure class=\"wp-block-image size-large\"><img decoding=\"async\" src=\"https:\/\/radiostudiow.com.br\/site\/wp-content\/uploads\/2024\/10\/zm_0002_24AG_anuncio_261x83mm-1024x359.png\" alt=\"\" class=\"wp-image-28224\"\/><\/figure>\n\n\n\n<p>O princ\u00edpio de inc\u00eandio foi rapidamente contido com o uso de um extintor de p\u00f3 qu\u00edmico, parte do sistema preventivo da pr\u00f3pria panificadora. Apesar da interven\u00e7\u00e3o r\u00e1pida, houve danos materiais, incluindo a destrui\u00e7\u00e3o da fritadeira, coifa e tomadas el\u00e9tricas.<\/p>\n\n\n\n<p>Ap\u00f3s o controle da situa\u00e7\u00e3o, os bombeiros orientaram o funcion\u00e1rio presente no local sobre a necessidade de adequa\u00e7\u00f5es no sistema de alimenta\u00e7\u00e3o de GLP antes da retomada das atividades da panificadora.<\/p>\n\n\n\n<figure class=\"wp-block-image size-large\"><img loading=\"lazy\" decoding=\"async\" width=\"1024\" height=\"576\" src=\"https:\/\/radiostudiow.com.br\/site\/wp-content\/uploads\/2024\/10\/image-32-1024x576.png\" alt=\"\" class=\"wp-image-28882\" srcset=\"https:\/\/radiostudiow.com.br\/site\/wp-content\/uploads\/2024\/10\/image-32-1024x576.png 1024w, https:\/\/radiostudiow.com.br\/site\/wp-content\/uploads\/2024\/10\/image-32-300x169.png 300w, https:\/\/radiostudiow.com.br\/site\/wp-content\/uploads\/2024\/10\/image-32-768x432.png 768w, https:\/\/radiostudiow.com.br\/site\/wp-content\/uploads\/2024\/10\/image-32.png 1156w\" sizes=\"auto, (max-width: 1024px) 100vw, 1024px\" \/><\/figure>\n","protected":false},"excerpt":{"rendered":"<p>A equipe do Corpo de Bombeiros foi acionada para atender a um\u00a0princ\u00edpio de inc\u00eandio em uma panificadora localizada na Av. Ozy Mendon\u00e7a de Lima, no Centro de S\u00e3o Mateus do Sul por volta das 05 horas desta ter\u00e7a-feira (15). Segundo informado pelos Bombeiros, o foco do inc\u00eandio estava na cozinha do estabelecimento. Dois bombeiros militares [&hellip;]<\/p>\n","protected":false},"author":2,"featured_media":28881,"comment_status":"open","ping_status":"open","sticky":false,"template":"","format":"standard","meta":{"footnotes":""},"categories":[185],"tags":[172],"class_list":["post-28879","post","type-post","status-publish","format-standard","has-post-thumbnail","hentry","category-regional","tag-featured"],"amp_enabled":true,"_links":{"self":[{"href":"https:\/\/radiostudiow.com.br\/site\/wp-json\/wp\/v2\/posts\/28879","targetHints":{"allow":["GET"]}}],"collection":[{"href":"https:\/\/radiostudiow.com.br\/site\/wp-json\/wp\/v2\/posts"}],"about":[{"href":"https:\/\/radiostudiow.com.br\/site\/wp-json\/wp\/v2\/types\/post"}],"author":[{"embeddable":true,"href":"https:\/\/radiostudiow.com.br\/site\/wp-json\/wp\/v2\/users\/2"}],"replies":[{"embeddable":true,"href":"https:\/\/radiostudiow.com.br\/site\/wp-json\/wp\/v2\/comments?post=28879"}],"version-history":[{"count":1,"href":"https:\/\/radiostudiow.com.br\/site\/wp-json\/wp\/v2\/posts\/28879\/revisions"}],"predecessor-version":[{"id":28883,"href":"https:\/\/radiostudiow.com.br\/site\/wp-json\/wp\/v2\/posts\/28879\/revisions\/28883"}],"wp:featuredmedia":[{"embeddable":true,"href":"https:\/\/radiostudiow.com.br\/site\/wp-json\/wp\/v2\/media\/28881"}],"wp:attachment":[{"href":"https:\/\/radiostudiow.com.br\/site\/wp-json\/wp\/v2\/media?parent=28879"}],"wp:term":[{"taxonomy":"category","embeddable":true,"href":"https:\/\/radiostudiow.com.br\/site\/wp-json\/wp\/v2\/categories?post=28879"},{"taxonomy":"post_tag","embeddable":true,"href":"https:\/\/radiostudiow.com.br\/site\/wp-json\/wp\/v2\/tags?post=28879"}],"curies":[{"name":"wp","href":"https:\/\/api.w.org\/{rel}","templated":true}]}}