{"id":28887,"date":"2024-10-15T19:11:16","date_gmt":"2024-10-15T22:11:16","guid":{"rendered":"https:\/\/radiostudiow.com.br\/site\/?p=28887"},"modified":"2025-01-31T14:58:20","modified_gmt":"2025-01-31T17:58:20","slug":"homem-e-levado-para-a-delegacia-apos-descumprir-medida-protetiva-em-sao-mateus-do-sul","status":"publish","type":"post","link":"https:\/\/radiostudiow.com.br\/site\/2024\/10\/15\/homem-e-levado-para-a-delegacia-apos-descumprir-medida-protetiva-em-sao-mateus-do-sul\/","title":{"rendered":"Homem \u00e9 levado para a delegacia ap\u00f3s descumprir medida protetiva em S\u00e3o Mateus do Sul"},"content":{"rendered":"\n<p>A equipe da Polic\u00eda Militar de S\u00e3o Mateus do Sul foi acionada para verificar uma situa\u00e7\u00e3o de poss\u00edvel descumprimento de medida protetiva, onde o solicitante relatou que teria a medida em desfavor de seu filho 17:30 horas dessa segunda-feira (14).<\/p>\n\n\n\n<figure class=\"wp-block-image size-full\"><img loading=\"lazy\" decoding=\"async\" width=\"897\" height=\"204\" src=\"https:\/\/radiostudiow.com.br\/site\/wp-content\/uploads\/2024\/08\/TIJOLAO.png\" alt=\"\" class=\"wp-image-25951\" srcset=\"https:\/\/radiostudiow.com.br\/site\/wp-content\/uploads\/2024\/08\/TIJOLAO.png 897w, https:\/\/radiostudiow.com.br\/site\/wp-content\/uploads\/2024\/08\/TIJOLAO-300x68.png 300w, https:\/\/radiostudiow.com.br\/site\/wp-content\/uploads\/2024\/08\/TIJOLAO-768x175.png 768w\" sizes=\"auto, (max-width: 897px) 100vw, 897px\" \/><\/figure>\n\n\n\n<p>No local, a equipe fez contato com o solicitante, o qual relatou que seu filho ap\u00f3s sair do estabelecimento prisional assinou termo de compromisso referente ao alvar\u00e1 de soltura, de n\u00e3o se aproximar de sua resid\u00eancia.<\/p>\n\n\n\n<p>Por\u00e9m, quando o solicitante chegou na casa, encontrou o filho dentro do local. Desta forma, devido o autor praticar a desobedi\u00eancia a decis\u00e3o judicial, e a viola\u00e7\u00e3o de domic\u00edlio, ele foi conduzido para a delegacia para os procedimentos de pol\u00edcia judici\u00e1ria.<\/p>\n","protected":false},"excerpt":{"rendered":"<p>A equipe da Polic\u00eda Militar de S\u00e3o Mateus do Sul foi acionada para verificar uma situa\u00e7\u00e3o de poss\u00edvel descumprimento de medida protetiva, onde o solicitante relatou que teria a medida em desfavor de seu filho 17:30 horas dessa segunda-feira (14). No local, a equipe fez contato com o solicitante, o qual relatou que seu filho [&hellip;]<\/p>\n","protected":false},"author":2,"featured_media":24702,"comment_status":"open","ping_status":"open","sticky":false,"template":"","format":"standard","meta":{"footnotes":""},"categories":[2],"tags":[172],"class_list":["post-28887","post","type-post","status-publish","format-standard","has-post-thumbnail","hentry","category-policial","tag-featured"],"amp_enabled":true,"_links":{"self":[{"href":"https:\/\/radiostudiow.com.br\/site\/wp-json\/wp\/v2\/posts\/28887","targetHints":{"allow":["GET"]}}],"collection":[{"href":"https:\/\/radiostudiow.com.br\/site\/wp-json\/wp\/v2\/posts"}],"about":[{"href":"https:\/\/radiostudiow.com.br\/site\/wp-json\/wp\/v2\/types\/post"}],"author":[{"embeddable":true,"href":"https:\/\/radiostudiow.com.br\/site\/wp-json\/wp\/v2\/users\/2"}],"replies":[{"embeddable":true,"href":"https:\/\/radiostudiow.com.br\/site\/wp-json\/wp\/v2\/comments?post=28887"}],"version-history":[{"count":1,"href":"https:\/\/radiostudiow.com.br\/site\/wp-json\/wp\/v2\/posts\/28887\/revisions"}],"predecessor-version":[{"id":28888,"href":"https:\/\/radiostudiow.com.br\/site\/wp-json\/wp\/v2\/posts\/28887\/revisions\/28888"}],"wp:featuredmedia":[{"embeddable":true,"href":"https:\/\/radiostudiow.com.br\/site\/wp-json\/wp\/v2\/media\/24702"}],"wp:attachment":[{"href":"https:\/\/radiostudiow.com.br\/site\/wp-json\/wp\/v2\/media?parent=28887"}],"wp:term":[{"taxonomy":"category","embeddable":true,"href":"https:\/\/radiostudiow.com.br\/site\/wp-json\/wp\/v2\/categories?post=28887"},{"taxonomy":"post_tag","embeddable":true,"href":"https:\/\/radiostudiow.com.br\/site\/wp-json\/wp\/v2\/tags?post=28887"}],"curies":[{"name":"wp","href":"https:\/\/api.w.org\/{rel}","templated":true}]}}